{"id":9701,"date":"2018-08-21T00:00:00","date_gmt":"2018-08-20T23:00:00","guid":{"rendered":"https:\/\/durakkoyu.com\/?p=9701"},"modified":"2020-09-25T15:11:47","modified_gmt":"2020-09-25T14:11:47","slug":"kurban-bayraminiz-mubarek-olsun-12","status":"publish","type":"post","link":"https:\/\/durakkoyu.biz\/?p=9701","title":{"rendered":"Kurban Bayram\u0131n\u0131z M\u00fcbarek Olsun"},"content":{"rendered":"<p>21 A\u011fustos 2018 &#8211; Bizleri birbirine yak\u0131nla\u015ft\u0131ran, yard\u0131mla\u015fma ve dayan\u0131\u015fma duygular\u0131n\u0131n zirveye ula\u015ft\u0131\u011f\u0131 M&uuml;barek <strong>Kurban Bayram\u0131<\/strong>na bir kez daha kavu\u015fman\u0131n b&uuml;y&uuml;k mutlulu\u011funu ve heyecan\u0131n\u0131 ya\u015f\u0131yoruz.<\/p>\n<p>Bayramlar, sevginin, vefan\u0131n, merhametin doruk noktas\u0131na ula\u015ft\u0131\u011f\u0131, birlik ve beraberlik duygular\u0131n\u0131n yo\u011funla\u015ft\u0131\u011f\u0131, sevin&ccedil;, ne\u015fe ve co\u015fkunun bulu\u015ftu\u011fu, insanlar\u0131n birbirleriyle olan darg\u0131nl\u0131klar\u0131n\u0131 unuttuklar\u0131, bar\u0131\u015ft\u0131klar\u0131 ve karde\u015f&ccedil;e kucakla\u015ft\u0131klar\u0131, &lsquo;millet olma \u015fuurunun&rsquo; kuvvetlendi\u011fi &ouml;zel g&uuml;nlerdir.<\/p>\n<p>&Uuml;lke olarak, s\u0131n\u0131rlar\u0131m\u0131z\u0131n i&ccedil;inde ve d\u0131\u015f\u0131nda huzurumuza kast eden ter&ouml;rle ve ter&ouml;ristlerle, &uuml;lkemize kar\u015f\u0131 ba\u015flat\u0131lan ekonomik sava\u015fla m&uuml;cadeleyi, kararl\u0131l\u0131kla s&uuml;rd&uuml;rd&uuml;\u011f&uuml;m&uuml;z bu zorlu s&uuml;re&ccedil;te idrak etti\u011fimiz <strong>Kurban Bayram\u0131<\/strong> vesilesi ile vurgulamak istiyorum ki; birlik ve beraberli\u011fimizi bozmaya y&ouml;nelik giri\u015fimler, &uuml;lkemiz &uuml;zerinde oynanmaya &ccedil;al\u0131\u015f\u0131lan oyunlar, beyhude bir &ccedil;abadan &ouml;teye ge&ccedil;emeyecektir.&nbsp;<\/p>\n<p>Milli ve dini duygular\u0131, inan&ccedil;lar\u0131, &ouml;rf ve adetleriyle &uuml;lkemiz, daima birlik i&ccedil;inde, iri ve diri olacakt\u0131r. Bu duygu ve d&uuml;\u015f&uuml;ncelerle t&uuml;m Durakk&ouml;yl&uuml; hem\u015fehrilerimiz\u0131n ve \u0130slam aleminin <strong>Kurban Bayram\u0131<\/strong>&#8216;n\u0131 kutluyor, aziz \u015fehitlerimizi rahmet, gazilerimizi ise \u015f&uuml;kranla an\u0131yoruz. Ailelerimiz ve sevdiklerimizle beraber mutlu bir bayram ge&ccedil;irmeyi temenni ediyor, selam ve sayg\u0131lar sunuyoruz.<\/p>\n","protected":false},"excerpt":{"rendered":"<p>21 A\u011fustos 2018 &#8211; Bizleri birbirine yak\u0131nla\u015ft\u0131ran, yard\u0131mla\u015fma ve dayan\u0131\u015fma duygular\u0131n\u0131n zirveye ula\u015ft\u0131\u011f\u0131 M&uuml;barek Kurban Bayram\u0131na bir kez daha kavu\u015fman\u0131n b&uuml;y&uuml;k mutlulu\u011funu ve heyecan\u0131n\u0131 ya\u015f\u0131yoruz. Bayramlar, sevginin, vefan\u0131n, merhametin doruk noktas\u0131na ula\u015ft\u0131\u011f\u0131, birlik ve beraberlik duygular\u0131n\u0131n yo\u011funla\u015ft\u0131\u011f\u0131, sevin&ccedil;, ne\u015fe ve co\u015fkunun bulu\u015ftu\u011fu, insanlar\u0131n birbirleriyle olan darg\u0131nl\u0131klar\u0131n\u0131 unuttuklar\u0131, bar\u0131\u015ft\u0131klar\u0131 ve karde\u015f&ccedil;e kucakla\u015ft\u0131klar\u0131, &lsquo;millet olma \u015fuurunun&rsquo; kuvvetlendi\u011fi [&hellip;]<\/p>\n","protected":false},"author":1,"featured_media":9702,"comment_status":"closed","ping_status":"closed","sticky":false,"template":"","format":"standard","meta":[],"categories":[27,6],"tags":[],"_links":{"self":[{"href":"https:\/\/durakkoyu.biz\/index.php?rest_route=\/wp\/v2\/posts\/9701"}],"collection":[{"href":"https:\/\/durakkoyu.biz\/index.php?rest_route=\/wp\/v2\/posts"}],"about":[{"href":"https:\/\/durakkoyu.biz\/index.php?rest_route=\/wp\/v2\/types\/post"}],"author":[{"embeddable":true,"href":"https:\/\/durakkoyu.biz\/index.php?rest_route=\/wp\/v2\/users\/1"}],"replies":[{"embeddable":true,"href":"https:\/\/durakkoyu.biz\/index.php?rest_route=%2Fwp%2Fv2%2Fcomments&post=9701"}],"version-history":[{"count":1,"href":"https:\/\/durakkoyu.biz\/index.php?rest_route=\/wp\/v2\/posts\/9701\/revisions"}],"predecessor-version":[{"id":10513,"href":"https:\/\/durakkoyu.biz\/index.php?rest_route=\/wp\/v2\/posts\/9701\/revisions\/10513"}],"wp:featuredmedia":[{"embeddable":true,"href":"https:\/\/durakkoyu.biz\/index.php?rest_route=\/wp\/v2\/media\/9702"}],"wp:attachment":[{"href":"https:\/\/durakkoyu.biz\/index.php?rest_route=%2Fwp%2Fv2%2Fmedia&parent=9701"}],"wp:term":[{"taxonomy":"category","embeddable":true,"href":"https:\/\/durakkoyu.biz\/index.php?rest_route=%2Fwp%2Fv2%2Fcategories&post=9701"},{"taxonomy":"post_tag","embeddable":true,"href":"https:\/\/durakkoyu.biz\/index.php?rest_route=%2Fwp%2Fv2%2Ftags&post=9701"}],"curies":[{"name":"wp","href":"https:\/\/api.w.org\/{rel}","templated":true}]}}