{"id":9679,"date":"2018-06-15T00:00:00","date_gmt":"2018-06-14T23:00:00","guid":{"rendered":"https:\/\/durakkoyu.com\/?p=9679"},"modified":"2020-09-25T15:16:57","modified_gmt":"2020-09-25T14:16:57","slug":"ramazan-i-serif-bayramimiz-mubarek-olsun","status":"publish","type":"post","link":"https:\/\/durakkoyu.biz\/?p=9679","title":{"rendered":"Ramazan-\u0131 \u015eerif Bayram\u0131m\u0131z M\u00fcbarek Olsun"},"content":{"rendered":"<p>15 Haziran 2018 &#8211;&nbsp;On bir ay\u0131n sultan\u0131 olan m&uuml;barek Ramazan ay\u0131n\u0131 geride b\u0131rakt\u0131k. T&uuml;m \u0130slam alemi taraf\u0131ndan birlik ve beraberlik duygusu i&ccedil;inde <strong>Ramazan-\u0131 \u015eerif Bayram\u0131n\u0131<\/strong> kutluyoruz. Bayramlar\u0131m\u0131z toplumumuzda ba\u011flar\u0131 kuvvetlendiren, darg\u0131nl\u0131klar\u0131n son bulmas\u0131na vesile olan nadide ve &ouml;zel g&uuml;nlerdir. Bayramlar, insanlar aras\u0131ndaki ho\u015fg&ouml;r&uuml;y&uuml; art\u0131ran manevi bir de\u011fere sahiptir. B&uuml;y&uuml;k k&uuml;&ccedil;&uuml;k hepimizin b&uuml;y&uuml;k bir co\u015fku ile kutlad\u0131\u011f\u0131 bu g&uuml;nler, t&uuml;m \u0130slam Aleminde &ouml;zel bir yere sahiptir. En iyi de\u011ferlerin hat\u0131rlan\u0131p yo\u011fun olarak ya\u015fand\u0131\u011f\u0131, insanlar aras\u0131nda kar\u015f\u0131l\u0131kl\u0131 dostluk ve karde\u015flik duygular\u0131n\u0131n peki\u015fti\u011fi bir bayram\u0131 daha ya\u015fam\u0131n\u0131n mutlulu\u011fu i&ccedil;indeyiz. Ho\u015fg&ouml;r&uuml;, karde\u015flik, birlik ve beraberlik ruhuyla ya\u015fayaca\u011f\u0131m\u0131z Ramazan-\u0131 \u015eerif Bayram\u0131n\u0131n, b&uuml;t&uuml;n insanl\u0131\u011fa huzur ve bar\u0131\u015f getirmesini diliyoruz. <br \/> Bu duygularla beraber Durak K&ouml;y&uuml; Resmi \u0130nternet Sitesi olarak t&uuml;m \u0130slam Aleminin, milletimizin ve k&ouml;y halk\u0131m\u0131z\u0131n <strong>Ramazan-\u0131 \u015eerif Bayram\u0131n\u0131<\/strong> en i&ccedil;ten dileklerimle kutlar, sa\u011fl\u0131kl\u0131 ve mutlu bir bayram ge&ccedil;irmelerini temenni ederiz.<\/p>\n","protected":false},"excerpt":{"rendered":"<p>15 Haziran 2018 &#8211;&nbsp;On bir ay\u0131n sultan\u0131 olan m&uuml;barek Ramazan ay\u0131n\u0131 geride b\u0131rakt\u0131k. T&uuml;m \u0130slam alemi taraf\u0131ndan birlik ve beraberlik duygusu i&ccedil;inde Ramazan-\u0131 \u015eerif Bayram\u0131n\u0131 kutluyoruz. Bayramlar\u0131m\u0131z toplumumuzda ba\u011flar\u0131 kuvvetlendiren, darg\u0131nl\u0131klar\u0131n son bulmas\u0131na vesile olan nadide ve &ouml;zel g&uuml;nlerdir. Bayramlar, insanlar aras\u0131ndaki ho\u015fg&ouml;r&uuml;y&uuml; art\u0131ran manevi bir de\u011fere sahiptir. B&uuml;y&uuml;k k&uuml;&ccedil;&uuml;k hepimizin b&uuml;y&uuml;k bir co\u015fku ile [&hellip;]<\/p>\n","protected":false},"author":1,"featured_media":9680,"comment_status":"closed","ping_status":"closed","sticky":false,"template":"","format":"standard","meta":[],"categories":[27,6],"tags":[],"_links":{"self":[{"href":"https:\/\/durakkoyu.biz\/index.php?rest_route=\/wp\/v2\/posts\/9679"}],"collection":[{"href":"https:\/\/durakkoyu.biz\/index.php?rest_route=\/wp\/v2\/posts"}],"about":[{"href":"https:\/\/durakkoyu.biz\/index.php?rest_route=\/wp\/v2\/types\/post"}],"author":[{"embeddable":true,"href":"https:\/\/durakkoyu.biz\/index.php?rest_route=\/wp\/v2\/users\/1"}],"replies":[{"embeddable":true,"href":"https:\/\/durakkoyu.biz\/index.php?rest_route=%2Fwp%2Fv2%2Fcomments&post=9679"}],"version-history":[{"count":1,"href":"https:\/\/durakkoyu.biz\/index.php?rest_route=\/wp\/v2\/posts\/9679\/revisions"}],"predecessor-version":[{"id":10527,"href":"https:\/\/durakkoyu.biz\/index.php?rest_route=\/wp\/v2\/posts\/9679\/revisions\/10527"}],"wp:featuredmedia":[{"embeddable":true,"href":"https:\/\/durakkoyu.biz\/index.php?rest_route=\/wp\/v2\/media\/9680"}],"wp:attachment":[{"href":"https:\/\/durakkoyu.biz\/index.php?rest_route=%2Fwp%2Fv2%2Fmedia&parent=9679"}],"wp:term":[{"taxonomy":"category","embeddable":true,"href":"https:\/\/durakkoyu.biz\/index.php?rest_route=%2Fwp%2Fv2%2Fcategories&post=9679"},{"taxonomy":"post_tag","embeddable":true,"href":"https:\/\/durakkoyu.biz\/index.php?rest_route=%2Fwp%2Fv2%2Ftags&post=9679"}],"curies":[{"name":"wp","href":"https:\/\/api.w.org\/{rel}","templated":true}]}}