{"id":9506,"date":"2017-09-01T00:00:00","date_gmt":"2017-08-31T23:00:00","guid":{"rendered":"https:\/\/durakkoyu.com\/?p=9506"},"modified":"2020-09-25T15:57:36","modified_gmt":"2020-09-25T14:57:36","slug":"kurban-bayraminiz-mubarek-olsun-11","status":"publish","type":"post","link":"https:\/\/durakkoyu.biz\/?p=9506","title":{"rendered":"Kurban Bayram\u0131n\u0131z M\u00fcbarek Olsun"},"content":{"rendered":"<p>01 Eyl&uuml;l 2017 &#8211; M&uuml;barek Kurban Bayram\u0131n\u0131 b&uuml;t&uuml;n \u0130slam &acirc;lemi ile birlikte idrak ediyoruz; bayram\u0131n sevincini, ne\u015fesini, bereketini karde\u015flerimizle payla\u015f\u0131yoruz.<\/p>\n<p>&Ouml;ncelikle, bu &ouml;nemli ve anlaml\u0131 g&uuml;nlerin K&ouml;y&uuml;m&uuml;z, &uuml;lkemiz, b&uuml;t&uuml;n \u0130slam &acirc;lemi ve insanl\u0131k i&ccedil;in hay\u0131rlara vesile olmas\u0131n\u0131 diliyor; daha nice g&uuml;zel bayramlara sa\u011fl\u0131k, afiyet ve huzur i&ccedil;inde ula\u015fmay\u0131 Y&uuml;ce Allah&rsquo;tan temenni ediyorum.<\/p>\n<p>Y&uuml;ce dinimize g&ouml;re bayramlar, sonsuz manevi boyutuyla hepimiz i&ccedil;in bir tazelenme, esenlik bulma vesilesidir. Bireysel d&uuml;nyam\u0131zda bizi inanc\u0131m\u0131z\u0131n b&uuml;t&uuml;n g&uuml;zel, bar\u0131\u015f&ccedil;\u0131l mesajlar\u0131yla y&uuml;zle\u015ftirir. Hayat\u0131n yorucu temposuna bir an i&ccedil;in dur diyerek, bize soluk alma imk&acirc;n\u0131 sa\u011flar, bizi biz yapan de\u011ferlerle bulu\u015fturur.<\/p>\n<p>\u0130&ccedil;inde bulundu\u011fumuz bayram, yard\u0131ma muhta&ccedil;, kimsesiz insanlar\u0131n korunup kollanmas\u0131; akrabalar\u0131m\u0131z ve kom\u015fular\u0131m\u0131zla te\u015friki mesaimizin g&uuml;&ccedil;lendirilmesi noktas\u0131nda kendimizi daha fazla sorumlu hissedece\u011fimiz bir bayram olmal\u0131d\u0131r. Onlarla kurbanlar\u0131m\u0131z vesilesiyle yak\u0131nla\u015fma, yak\u0131nl\u0131k kurma yoluna gitmeliyiz. Allah yolunda kesilen kurbanlar\u0131m\u0131z\u0131n yine O&rsquo;nun makam\u0131nda kabul&uuml; i&ccedil;in, ikramlar\u0131m\u0131z\u0131 art\u0131rmal\u0131y\u0131z.<\/p>\n<p>Her bayram olmas\u0131 gerekti\u011fi gibi, bu bayram da e\u011fer varsa darg\u0131nl\u0131klar\u0131, k\u0131rg\u0131nl\u0131klar\u0131 hemen yok etmemiz gerekiyor. Yaln\u0131zca yak\u0131n\u0131m\u0131zdaki de\u011fil, uzaktaki karde\u015flerimizi de d&uuml;\u015f&uuml;nmeli, onlara da ula\u015f\u0131p dertleriyle dertlenmeliyiz.<\/p>\n<p>Kurban kelimesinin i\u015faret etti\u011fi anlama, yani &ldquo;Allah&#8217;a yakla\u015fma&rdquo; olgusuna dikkatinizi &ccedil;ekmek isterim. Bizler yapt\u0131\u011f\u0131m\u0131z her t&uuml;rl&uuml; iyi ve g&uuml;zel i\u015fi, zaten O&#8217;na yakla\u015fmak i&ccedil;in yap\u0131yoruz. Ama i&ccedil;inde bulundu\u011fumuz Kurban Bayram\u0131, &ouml;zel bir &#8216;yakla\u015fma, yak\u0131nla\u015fma&#8217; &acirc;n\u0131. \u0130n\u015fallah hepimiz bu bayram\u0131n i\u015faret etti\u011fi yak\u0131nl\u0131\u011fa ula\u015fanlardan oluruz.<\/p>\n","protected":false},"excerpt":{"rendered":"<p>01 Eyl&uuml;l 2017 &#8211; M&uuml;barek Kurban Bayram\u0131n\u0131 b&uuml;t&uuml;n \u0130slam &acirc;lemi ile birlikte idrak ediyoruz; bayram\u0131n sevincini, ne\u015fesini, bereketini karde\u015flerimizle payla\u015f\u0131yoruz. &Ouml;ncelikle, bu &ouml;nemli ve anlaml\u0131 g&uuml;nlerin K&ouml;y&uuml;m&uuml;z, &uuml;lkemiz, b&uuml;t&uuml;n \u0130slam &acirc;lemi ve insanl\u0131k i&ccedil;in hay\u0131rlara vesile olmas\u0131n\u0131 diliyor; daha nice g&uuml;zel bayramlara sa\u011fl\u0131k, afiyet ve huzur i&ccedil;inde ula\u015fmay\u0131 Y&uuml;ce Allah&rsquo;tan temenni ediyorum. Y&uuml;ce dinimize g&ouml;re [&hellip;]<\/p>\n","protected":false},"author":1,"featured_media":9507,"comment_status":"closed","ping_status":"closed","sticky":false,"template":"","format":"standard","meta":[],"categories":[27,6],"tags":[],"_links":{"self":[{"href":"https:\/\/durakkoyu.biz\/index.php?rest_route=\/wp\/v2\/posts\/9506"}],"collection":[{"href":"https:\/\/durakkoyu.biz\/index.php?rest_route=\/wp\/v2\/posts"}],"about":[{"href":"https:\/\/durakkoyu.biz\/index.php?rest_route=\/wp\/v2\/types\/post"}],"author":[{"embeddable":true,"href":"https:\/\/durakkoyu.biz\/index.php?rest_route=\/wp\/v2\/users\/1"}],"replies":[{"embeddable":true,"href":"https:\/\/durakkoyu.biz\/index.php?rest_route=%2Fwp%2Fv2%2Fcomments&post=9506"}],"version-history":[{"count":1,"href":"https:\/\/durakkoyu.biz\/index.php?rest_route=\/wp\/v2\/posts\/9506\/revisions"}],"predecessor-version":[{"id":10596,"href":"https:\/\/durakkoyu.biz\/index.php?rest_route=\/wp\/v2\/posts\/9506\/revisions\/10596"}],"wp:featuredmedia":[{"embeddable":true,"href":"https:\/\/durakkoyu.biz\/index.php?rest_route=\/wp\/v2\/media\/9507"}],"wp:attachment":[{"href":"https:\/\/durakkoyu.biz\/index.php?rest_route=%2Fwp%2Fv2%2Fmedia&parent=9506"}],"wp:term":[{"taxonomy":"category","embeddable":true,"href":"https:\/\/durakkoyu.biz\/index.php?rest_route=%2Fwp%2Fv2%2Fcategories&post=9506"},{"taxonomy":"post_tag","embeddable":true,"href":"https:\/\/durakkoyu.biz\/index.php?rest_route=%2Fwp%2Fv2%2Ftags&post=9506"}],"curies":[{"name":"wp","href":"https:\/\/api.w.org\/{rel}","templated":true}]}}