{"id":9329,"date":"2016-09-11T00:00:00","date_gmt":"2016-09-10T23:00:00","guid":{"rendered":"https:\/\/durakkoyu.com\/?p=9329"},"modified":"2020-10-09T16:30:58","modified_gmt":"2020-10-09T15:30:58","slug":"kurban-bayraminiz-mubarek-olsun-10","status":"publish","type":"post","link":"https:\/\/durakkoyu.biz\/?p=9329","title":{"rendered":"Kurban Bayram\u0131n\u0131z M\u00fcbarek Olsun"},"content":{"rendered":"<p>12 Eyl&uuml;l 2016 &#8211; M&uuml;barek Kurban Bayram\u0131n\u0131z\u0131, en i&ccedil;ten duygular\u0131m\u0131zla tebrik ederiz. Bayram\u0131n, &uuml;lkemizle birlikte t&uuml;m \u0130slam alemi ve insanl\u0131k i&ccedil;in hay\u0131rlara vesile olmas\u0131n\u0131 diliyoruz. Bayramlar\u0131m\u0131z, karde\u015fli\u011fimizi, aram\u0131zdaki muhabbet ve dayan\u0131\u015fmay\u0131 artt\u0131rma g&uuml;nleridir. Sevginin, vefan\u0131n, sadakatin, fedakarl\u0131\u011f\u0131n simgesi olan Kurban Bayram\u0131&rsquo;n\u0131n anlam\u0131n\u0131 &ccedil;ok iyi kavramal\u0131y\u0131z. Bu bayramda, muhta&ccedil;lar\u0131n hanelerine, muhabbet ve sevin&ccedil; ta\u015f\u0131mal\u0131y\u0131z. Kurban ibadetiyle bizden istenen, elimizle birlikte g&ouml;nl&uuml;m&uuml;z&uuml; de birbirimize a&ccedil;makt\u0131r. Bayram\u0131n co\u015fku ve mutlulu\u011fu, insanl\u0131k ailesinin b&uuml;t&uuml;n &uuml;yeleriyle birlikte ya\u015fanabilirse anlam kazanacakt\u0131r. Ne yaz\u0131k ki bug&uuml;nlerde bar\u0131\u015f ve huzura hasret kalan \u0130slam co\u011frafyas\u0131n\u0131n sokaklar\u0131nda kurban de\u011fil, M&uuml;sl&uuml;man kan\u0131 ak\u0131yor. A\u011f\u0131r bir imtihandan ge&ccedil;iyoruz. Karde\u015fli\u011fimizi bozmak isteyen eli kanl\u0131 ter&ouml;r &ouml;rg&uuml;tleri, birli\u011fimizi ve beraberli\u011fimizi hedef al\u0131yor. Milletimizin aras\u0131na fitne sokmak, karde\u015fi karde\u015fe k\u0131rd\u0131rmak isteyenler, her g&uuml;n yeni bir oyun, senaryo ile kar\u015f\u0131m\u0131za &ccedil;\u0131k\u0131yor. Fitne tohumlar\u0131 ekilmeye &ccedil;al\u0131\u015f\u0131lan bu topraklar, d&uuml;nyadaki t&uuml;m mazlumlar\u0131n son s\u0131\u011f\u0131na\u011f\u0131d\u0131r. Kurban Bayram\u0131&rsquo;n\u0131n en yak\u0131n zamanda g&uuml;zel g&uuml;nlerin m&uuml;jdecisi olmas\u0131n\u0131 temenni ediyoruz. Kucakla\u015farak, kurbanlar\u0131m\u0131z\u0131 payla\u015farak, ikramda bulunarak bayram sevincini &ccedil;o\u011faltmal\u0131y\u0131z. Aile b&uuml;y&uuml;klerimizin hay\u0131r dualar\u0131n\u0131 almal\u0131y\u0131z. Evrelerimizin ne\u015fesi olan &ccedil;ocuklar\u0131m\u0131z\u0131 sevindirirken, &ouml;ks&uuml;zleri, yetimleri, garipleri de asla unutmayal\u0131m. Bu duygularla kurbanlar\u0131m\u0131z\u0131n Allah kat\u0131nda makbul olmas\u0131n\u0131 diliyoruz. <br \/>Durak K&ouml;y&uuml; Resmi \u0130nternet Sitesi olarak huzurlu ve sa\u011fl\u0131kl\u0131 bir bayram ge&ccedil;irmenizi temenni ediyoruz. Vatanda\u015flar\u0131m\u0131zla birlikte t&uuml;m \u0130slam aleminin Kurban Bayram\u0131&rsquo;n\u0131 y&uuml;rekten kutluyoruz!<\/p>\n","protected":false},"excerpt":{"rendered":"<p>12 Eyl&uuml;l 2016 &#8211; M&uuml;barek Kurban Bayram\u0131n\u0131z\u0131, en i&ccedil;ten duygular\u0131m\u0131zla tebrik ederiz. Bayram\u0131n, &uuml;lkemizle birlikte t&uuml;m \u0130slam alemi ve insanl\u0131k i&ccedil;in hay\u0131rlara vesile olmas\u0131n\u0131 diliyoruz. Bayramlar\u0131m\u0131z, karde\u015fli\u011fimizi, aram\u0131zdaki muhabbet ve dayan\u0131\u015fmay\u0131 artt\u0131rma g&uuml;nleridir. Sevginin, vefan\u0131n, sadakatin, fedakarl\u0131\u011f\u0131n simgesi olan Kurban Bayram\u0131&rsquo;n\u0131n anlam\u0131n\u0131 &ccedil;ok iyi kavramal\u0131y\u0131z. Bu bayramda, muhta&ccedil;lar\u0131n hanelerine, muhabbet ve sevin&ccedil; ta\u015f\u0131mal\u0131y\u0131z. Kurban ibadetiyle [&hellip;]<\/p>\n","protected":false},"author":1,"featured_media":9330,"comment_status":"closed","ping_status":"closed","sticky":false,"template":"","format":"standard","meta":[],"categories":[27,6],"tags":[],"_links":{"self":[{"href":"https:\/\/durakkoyu.biz\/index.php?rest_route=\/wp\/v2\/posts\/9329"}],"collection":[{"href":"https:\/\/durakkoyu.biz\/index.php?rest_route=\/wp\/v2\/posts"}],"about":[{"href":"https:\/\/durakkoyu.biz\/index.php?rest_route=\/wp\/v2\/types\/post"}],"author":[{"embeddable":true,"href":"https:\/\/durakkoyu.biz\/index.php?rest_route=\/wp\/v2\/users\/1"}],"replies":[{"embeddable":true,"href":"https:\/\/durakkoyu.biz\/index.php?rest_route=%2Fwp%2Fv2%2Fcomments&post=9329"}],"version-history":[{"count":1,"href":"https:\/\/durakkoyu.biz\/index.php?rest_route=\/wp\/v2\/posts\/9329\/revisions"}],"predecessor-version":[{"id":10685,"href":"https:\/\/durakkoyu.biz\/index.php?rest_route=\/wp\/v2\/posts\/9329\/revisions\/10685"}],"wp:featuredmedia":[{"embeddable":true,"href":"https:\/\/durakkoyu.biz\/index.php?rest_route=\/wp\/v2\/media\/9330"}],"wp:attachment":[{"href":"https:\/\/durakkoyu.biz\/index.php?rest_route=%2Fwp%2Fv2%2Fmedia&parent=9329"}],"wp:term":[{"taxonomy":"category","embeddable":true,"href":"https:\/\/durakkoyu.biz\/index.php?rest_route=%2Fwp%2Fv2%2Fcategories&post=9329"},{"taxonomy":"post_tag","embeddable":true,"href":"https:\/\/durakkoyu.biz\/index.php?rest_route=%2Fwp%2Fv2%2Ftags&post=9329"}],"curies":[{"name":"wp","href":"https:\/\/api.w.org\/{rel}","templated":true}]}}