{"id":9275,"date":"2016-07-05T00:00:00","date_gmt":"2016-07-04T23:00:00","guid":{"rendered":"https:\/\/durakkoyu.com\/?p=9275"},"modified":"2020-10-09T16:38:22","modified_gmt":"2020-10-09T15:38:22","slug":"ramazan-bayraminiz-mubarek-olsun-7","status":"publish","type":"post","link":"https:\/\/durakkoyu.biz\/?p=9275","title":{"rendered":"Ramazan Bayram\u0131n\u0131z M\u00fcbarek Olsun"},"content":{"rendered":"<p>Ba\u015f\u0131 rahmet, ortas\u0131 ma\u011ffiret, sonu da kurtulu\u015f vesilesi olan Ramazan ay\u0131n\u0131 huzur i&ccedil;inde tamamlayarak bayrama kavu\u015fman\u0131n heyecan\u0131n\u0131 ve mutlulu\u011funu ya\u015f\u0131yoruz.<\/p>\n<p>M&uuml;barek Ramazan Bayram\u0131n\u0131 b&uuml;t&uuml;n \u0130slam &acirc;lemi ile birlikte k&ouml;y&uuml;m&uuml;zde idrak ediyor ve bayram\u0131n sevincini, ne\u015fesini, bereketini karde\u015flerimizle payla\u015f\u0131yoruz. Bu &ouml;zel ve sevin&ccedil; dolu bayram anlar\u0131, in\u015fallah &ouml;mr&uuml;m&uuml;z&uuml;n b&uuml;t&uuml;n&uuml;ne yay\u0131ls\u0131n ve bizi bereketler i&ccedil;inde b\u0131raks\u0131n.<\/p>\n<p>M&uuml;barek misafirimiz Ramazan; yine kutlu bir r&uuml;zg&acirc;r gibi geldi ve ge&ccedil;ti. Konya&#8217;da Ramazan&#8217;\u0131 ya\u015famak, ger&ccedil;ekten m&uuml;thi\u015f bir g&uuml;zellik ve tazelenme f\u0131rsat\u0131 oldu. \u015eehrimiz bu Ramazan&rsquo;da da bin y\u0131ld\u0131r yapt\u0131\u011f\u0131 gibi, ikram etti, sofras\u0131n\u0131 ve g&ouml;nl&uuml;n&uuml; a&ccedil;t\u0131.<\/p>\n<p>Camilerimiz, mescidlerimiz &ccedil;ocuklar\u0131m\u0131z\u0131n sesleriyle \u015fenlendi. Bir yetimin ba\u015f\u0131n\u0131 ok\u015fayanlar, bir g&ouml;nl&uuml; ho\u015f edenler, bir k&uuml;sk&uuml;nl&uuml;\u011f&uuml; sona erdirenler, bir yoksulu sevindirenler&#8230; Bunlar\u0131n hepsi bize insan olmay\u0131 yeniden hat\u0131rlatt\u0131. Kalplerimize huzur, g&ouml;n&uuml;llerimize hu\u015fu doldu.<\/p>\n<p>Bizler m&uuml;barek Ramazan ay\u0131n\u0131 huzur i&ccedil;inde ya\u015farken ne yaz\u0131k ki &uuml;lkemizde ve M&uuml;sl&uuml;man co\u011frafyalarda masumlar\u0131n akan kanlar\u0131na \u015f&acirc;hid oluyoruz. \u0130&ccedil;imiz kan\u0131yor. Yery&uuml;z&uuml;n&uuml;n b&ouml;yle sisli ve ac\u0131l\u0131 oldu\u011fu zamanlarda biz de buruk ve kederliyiz. Bayram\u0131 bu ger&ccedil;eklerin fark\u0131nda olarak, adeta hicranla g&ouml;n&uuml;llerimizde kutlamaya &ccedil;al\u0131\u015f\u0131yoruz.<\/p>\n<p>Son demde, \u0130stanbul Atat&uuml;rk Havaliman\u0131&rsquo;na yap\u0131lan ter&ouml;r sald\u0131r\u0131s\u0131n\u0131 ve &uuml;lkemizin istikrar\u0131na y&ouml;nelik t&uuml;m sald\u0131r\u0131lar\u0131 lanetleniyor; hayat\u0131n\u0131 kaybeden karde\u015flerimize Allah&rsquo;tan rahmet, yaral\u0131lara acil \u015fifalar diliyoruz.<\/p>\n<p>&Uuml;lkemize, co\u011frafyam\u0131za d&ouml;n&uuml;k k&uuml;resel d&uuml;\u015fmanl\u0131klar\u0131n yok olmas\u0131n\u0131, bir bar\u0131\u015f ve esenlik dini olan \u0130slam&#8217;\u0131n merhametli dilinin herkesi ku\u015fatmas\u0131n\u0131 temenni ediyoruz. &Uuml;lkemizin, B&uuml;y&uuml;k T&uuml;rkiye hedefi do\u011frultusunda huzur ve g&uuml;venlik i&ccedil;inde g&uuml;zel bir gelece\u011fe y&uuml;r&uuml;mesi en b&uuml;y&uuml;k arzumuzdur.<\/p>\n<p>Bayramday\u0131z. Ba\u015fta b&uuml;y&uuml;klerimizin g&ouml;nl&uuml;n&uuml; alabilmenin, e\u015f, dost, akraba ile g&ouml;r&uuml;\u015febilmenin yan\u0131nda &ccedil;ocuklar\u0131 da sevindirmeyi unutmayal\u0131m.<\/p>\n<p>Bu vesileyle hem\u015fehrilerimiz ba\u015fta olmak &uuml;zere, &uuml;lkemizin ve t&uuml;m d&uuml;nya M&uuml;sl&uuml;manlar\u0131n\u0131n Ramazan bayramlar\u0131n\u0131 tebrik ediyor, bu m&uuml;stesna zamanlarda kuvvetlenen karde\u015flik ba\u011flar\u0131n\u0131n hayat\u0131m\u0131z\u0131n b&uuml;t&uuml;n safhalar\u0131na yay\u0131lmas\u0131n\u0131 diliyorum. Hay\u0131rl\u0131 bayramlar&hellip;<\/p>\n","protected":false},"excerpt":{"rendered":"<p>Ba\u015f\u0131 rahmet, ortas\u0131 ma\u011ffiret, sonu da kurtulu\u015f vesilesi olan Ramazan ay\u0131n\u0131 huzur i&ccedil;inde tamamlayarak bayrama kavu\u015fman\u0131n heyecan\u0131n\u0131 ve mutlulu\u011funu ya\u015f\u0131yoruz. M&uuml;barek Ramazan Bayram\u0131n\u0131 b&uuml;t&uuml;n \u0130slam &acirc;lemi ile birlikte k&ouml;y&uuml;m&uuml;zde idrak ediyor ve bayram\u0131n sevincini, ne\u015fesini, bereketini karde\u015flerimizle payla\u015f\u0131yoruz. Bu &ouml;zel ve sevin&ccedil; dolu bayram anlar\u0131, in\u015fallah &ouml;mr&uuml;m&uuml;z&uuml;n b&uuml;t&uuml;n&uuml;ne yay\u0131ls\u0131n ve bizi bereketler i&ccedil;inde b\u0131raks\u0131n. M&uuml;barek [&hellip;]<\/p>\n","protected":false},"author":1,"featured_media":9276,"comment_status":"closed","ping_status":"closed","sticky":false,"template":"","format":"standard","meta":[],"categories":[27,6],"tags":[],"_links":{"self":[{"href":"https:\/\/durakkoyu.biz\/index.php?rest_route=\/wp\/v2\/posts\/9275"}],"collection":[{"href":"https:\/\/durakkoyu.biz\/index.php?rest_route=\/wp\/v2\/posts"}],"about":[{"href":"https:\/\/durakkoyu.biz\/index.php?rest_route=\/wp\/v2\/types\/post"}],"author":[{"embeddable":true,"href":"https:\/\/durakkoyu.biz\/index.php?rest_route=\/wp\/v2\/users\/1"}],"replies":[{"embeddable":true,"href":"https:\/\/durakkoyu.biz\/index.php?rest_route=%2Fwp%2Fv2%2Fcomments&post=9275"}],"version-history":[{"count":1,"href":"https:\/\/durakkoyu.biz\/index.php?rest_route=\/wp\/v2\/posts\/9275\/revisions"}],"predecessor-version":[{"id":10703,"href":"https:\/\/durakkoyu.biz\/index.php?rest_route=\/wp\/v2\/posts\/9275\/revisions\/10703"}],"wp:featuredmedia":[{"embeddable":true,"href":"https:\/\/durakkoyu.biz\/index.php?rest_route=\/wp\/v2\/media\/9276"}],"wp:attachment":[{"href":"https:\/\/durakkoyu.biz\/index.php?rest_route=%2Fwp%2Fv2%2Fmedia&parent=9275"}],"wp:term":[{"taxonomy":"category","embeddable":true,"href":"https:\/\/durakkoyu.biz\/index.php?rest_route=%2Fwp%2Fv2%2Fcategories&post=9275"},{"taxonomy":"post_tag","embeddable":true,"href":"https:\/\/durakkoyu.biz\/index.php?rest_route=%2Fwp%2Fv2%2Ftags&post=9275"}],"curies":[{"name":"wp","href":"https:\/\/api.w.org\/{rel}","templated":true}]}}