{"id":9088,"date":"2015-09-24T00:00:00","date_gmt":"2015-09-23T23:00:00","guid":{"rendered":"https:\/\/durakkoyu.com\/?p=9088"},"modified":"2020-12-05T13:38:11","modified_gmt":"2020-12-05T12:38:11","slug":"kurban-bayraminiz-mubarek-olsun-9","status":"publish","type":"post","link":"https:\/\/durakkoyu.biz\/?p=9088","title":{"rendered":"Kurban Bayram\u0131n\u0131z M\u00fcbarek Olsun"},"content":{"rendered":"<p>S\u0131k\u0131nt\u0131larla dolu d&uuml;nyam\u0131za sevin&ccedil; ve umut olan m&uuml;barek bir bayrama daha kavu\u015fman\u0131n huzurunu ya\u015f\u0131yoruz. Rabbimize hamdolsun, \u015f&uuml;krolsun.<\/p>\n<p>Bayram g&uuml;nleri, insanlar\u0131m\u0131z aras\u0131ndaki t&uuml;m tahrip edilmi\u015f, dondurulmu\u015f, kesintiye u\u011frat\u0131lm\u0131\u015f ileti\u015fim kanallar\u0131n\u0131 iyi niyet, selamet ve esenlik temennileriyle yeniden a&ccedil;ar. Bu &ouml;nemli ve anlaml\u0131 g&uuml;nlerin Konyam\u0131z, &uuml;lkemiz, b&uuml;t&uuml;n \u0130slam &acirc;lemi ve insanl\u0131k i&ccedil;in hay\u0131rlara vesile olmas\u0131n\u0131 diliyor; daha nice g&uuml;zel bayramlara sa\u011fl\u0131k, afiyet ve huzur i&ccedil;inde ula\u015fmay\u0131 Y&uuml;ce Allah&rsquo;tan temenni ediyoruz.<\/p>\n<p>Bilindi\u011fi gibi, insan\u0131 insan yapan de\u011ferlerin ve erdemlerin yo\u011fun olarak ya\u015fand\u0131\u011f\u0131 g&uuml;nler olan bayramlar, toplumsal hayat\u0131m\u0131z a&ccedil;\u0131s\u0131ndan &ccedil;ok b&uuml;y&uuml;k bir &ouml;neme ve de\u011fere sahiptir. Bu g&uuml;zel g&uuml;nleri, k\u0131rg\u0131nl\u0131klar\u0131n, darg\u0131nl\u0131klar\u0131n unutuldu\u011fu, kar\u015f\u0131l\u0131kl\u0131 sevgi ve sayg\u0131n\u0131n peki\u015fti\u011fi, ho\u015fg&ouml;r&uuml;n&uuml;n h&acirc;kim oldu\u011fu mana iklimini ya\u015famak ve kal\u0131c\u0131 k\u0131lmak i&ccedil;in bir vesile olarak g&ouml;rmek gerekir.<\/p>\n<p>Kurbanlar\u0131m\u0131z\u0131, akrabalar\u0131m\u0131zla, kom\u015fular\u0131m\u0131zla, yoksul ve kimsesiz karde\u015flerimizle payla\u015f\u0131yor; cemiyetimizde sulh ve selamet ortam\u0131n\u0131n canlanmas\u0131n\u0131 sa\u011fl\u0131yoruz. B&uuml;y&uuml;k bir dayan\u0131\u015fma ruhuyla dul ve yetimlerimizin dertlerine deva, hastalar\u0131m\u0131za \u015fifa olmaya &ccedil;aba g&ouml;steriyoruz.<\/p>\n<p>G&uuml;zel k&ouml;y&uuml;m&uuml;zde, &ccedil;ok \u015f&uuml;k&uuml;r ki g&uuml;n&uuml;m&uuml;ze kadar i&ccedil;erdi\u011fi anlam ve ehemmiyetle ba\u011fda\u015fan bayramlar ya\u015fanm\u0131\u015f, insanlar\u0131m\u0131z birbiriyle kayna\u015fm\u0131\u015f, dostluk, akrabal\u0131k ve kom\u015fuluk ili\u015fkilerini peki\u015ftirmi\u015ftir. Halk\u0131m\u0131z sadece k&ouml;y&uuml; ile yetinmemi\u015f, \u0130slam co\u011frafyas\u0131n\u0131n herhangi bir yerinde s\u0131k\u0131nt\u0131 ve darl\u0131k i&ccedil;inde olan karde\u015flerimizin de bayram sevin&ccedil;lerine i\u015ftirak etmi\u015ftir. Gelecek y\u0131llarda da bayramlar\u0131n k&ouml;y&uuml;m&uuml;zde toplumsal bar\u0131\u015f ve muhabbetin medar\u0131 olaca\u011f\u0131na inanc\u0131m\u0131z sonsuzdur.<\/p>\n<p>Ne var ki, bilhassa son aylarda &uuml;lkemizde ya\u015fanan ter&ouml;r olaylar\u0131 huzur ve esenli\u011fimizi incitmi\u015ftir. Toplumumuzu bir arada tutan temel dinamikleri hedef alan ter&ouml;r olaylar\u0131 hi&ccedil;bir \u015fekilde amac\u0131na ula\u015famayacakt\u0131r. Vatan\u0131m\u0131z tek v&uuml;cuttur; ortak bir medeniyetin yo\u011furdu\u011fu bir arada var olma k&uuml;lt&uuml;r&uuml;n&uuml;, as\u0131rlard\u0131r k&ouml;kle\u015fen m&uuml;\u015fterek hisleri, duygular\u0131, dilek ve hedefleri hi&ccedil;bir &ccedil;irkin eylem yok edemeyecektir. Ge&ccedil;mi\u015fleri karde\u015flik, inan&ccedil;lar\u0131 birlik, beklentileri dirlikle payidar &uuml;lkemizin gelece\u011fi de ayd\u0131nl\u0131kt\u0131r. Bu vesileyle vatan i&ccedil;in can\u0131n\u0131 feda eden t&uuml;m \u015fehitlerimizi tekrar rahmetle an\u0131yoruz.<\/p>\n<p>Bu duygularla Durak Mahalle Murtarl\u0131\u011f\u0131 ve Durak K&ouml;y&uuml; Resmi \u0130nternet Sitesi olarak hepinizin m&uuml;barek <strong>Kurban Bayram\u0131<\/strong>n\u0131 tebrik ediyor, bayram\u0131n, ba\u015fta &uuml;lkemiz ve \u0130slam co\u011frafyas\u0131 olmak &uuml;zere t&uuml;m d&uuml;nyada ya\u015fanan s\u0131k\u0131nt\u0131lar\u0131n sona ermesine vesile olmas\u0131n\u0131 diliyoruz.<\/p>\n","protected":false},"excerpt":{"rendered":"<p>S\u0131k\u0131nt\u0131larla dolu d&uuml;nyam\u0131za sevin&ccedil; ve umut olan m&uuml;barek bir bayrama daha kavu\u015fman\u0131n huzurunu ya\u015f\u0131yoruz. Rabbimize hamdolsun, \u015f&uuml;krolsun. Bayram g&uuml;nleri, insanlar\u0131m\u0131z aras\u0131ndaki t&uuml;m tahrip edilmi\u015f, dondurulmu\u015f, kesintiye u\u011frat\u0131lm\u0131\u015f ileti\u015fim kanallar\u0131n\u0131 iyi niyet, selamet ve esenlik temennileriyle yeniden a&ccedil;ar. Bu &ouml;nemli ve anlaml\u0131 g&uuml;nlerin Konyam\u0131z, &uuml;lkemiz, b&uuml;t&uuml;n \u0130slam &acirc;lemi ve insanl\u0131k i&ccedil;in hay\u0131rlara vesile olmas\u0131n\u0131 diliyor; daha [&hellip;]<\/p>\n","protected":false},"author":1,"featured_media":9089,"comment_status":"closed","ping_status":"closed","sticky":false,"template":"","format":"standard","meta":[],"categories":[27,6],"tags":[],"_links":{"self":[{"href":"https:\/\/durakkoyu.biz\/index.php?rest_route=\/wp\/v2\/posts\/9088"}],"collection":[{"href":"https:\/\/durakkoyu.biz\/index.php?rest_route=\/wp\/v2\/posts"}],"about":[{"href":"https:\/\/durakkoyu.biz\/index.php?rest_route=\/wp\/v2\/types\/post"}],"author":[{"embeddable":true,"href":"https:\/\/durakkoyu.biz\/index.php?rest_route=\/wp\/v2\/users\/1"}],"replies":[{"embeddable":true,"href":"https:\/\/durakkoyu.biz\/index.php?rest_route=%2Fwp%2Fv2%2Fcomments&post=9088"}],"version-history":[{"count":1,"href":"https:\/\/durakkoyu.biz\/index.php?rest_route=\/wp\/v2\/posts\/9088\/revisions"}],"predecessor-version":[{"id":11199,"href":"https:\/\/durakkoyu.biz\/index.php?rest_route=\/wp\/v2\/posts\/9088\/revisions\/11199"}],"wp:featuredmedia":[{"embeddable":true,"href":"https:\/\/durakkoyu.biz\/index.php?rest_route=\/wp\/v2\/media\/9089"}],"wp:attachment":[{"href":"https:\/\/durakkoyu.biz\/index.php?rest_route=%2Fwp%2Fv2%2Fmedia&parent=9088"}],"wp:term":[{"taxonomy":"category","embeddable":true,"href":"https:\/\/durakkoyu.biz\/index.php?rest_route=%2Fwp%2Fv2%2Fcategories&post=9088"},{"taxonomy":"post_tag","embeddable":true,"href":"https:\/\/durakkoyu.biz\/index.php?rest_route=%2Fwp%2Fv2%2Ftags&post=9088"}],"curies":[{"name":"wp","href":"https:\/\/api.w.org\/{rel}","templated":true}]}}