{"id":9029,"date":"2015-07-17T00:00:00","date_gmt":"2015-07-16T23:00:00","guid":{"rendered":"https:\/\/durakkoyu.com\/?p=9029"},"modified":"2020-12-05T12:44:14","modified_gmt":"2020-12-05T11:44:14","slug":"ramazan-bayramimiz-mubarek-olsun","status":"publish","type":"post","link":"https:\/\/durakkoyu.biz\/?p=9029","title":{"rendered":"Ramazan Bayram\u0131m\u0131z M\u00fcbarek Olsun"},"content":{"rendered":"<p>Manevi iklimimizde m&uuml;stesna faziletleriyle &ouml;nemli bir yere sahip olan Ramazan Bayram\u0131&rsquo;na kavu\u015fman\u0131n sevincini, ne\u015fesini ve bereketini ya\u015f\u0131yoruz. Rabbimize hamd olsun, \u015f&uuml;k&uuml;rler olsun.&nbsp;Sevgi ve ho\u015fg&ouml;r&uuml; kap\u0131lar\u0131n\u0131n araland\u0131\u011f\u0131; endi\u015felerin ve s\u0131k\u0131nt\u0131lar\u0131n bir an i&ccedil;in unutuldu\u011fu; aile kavram\u0131n\u0131n doruk noktada ya\u015fand\u0131\u011f\u0131; duygu birli\u011fimizi en &uuml;st d&uuml;zeyde tazeleme g&uuml;nleri olan bu g&uuml;zel g&uuml;ne kavu\u015fman\u0131n huzuru i&ccedil;indeyiz.<\/p>\n<p>Bayramlarla birlikte darg\u0131nl\u0131klar, k&uuml;sk&uuml;nl&uuml;kler giderildi\u011fi gibi, sevgiler ve dostluklar da peki\u015ftirilir. \u015e&uuml;phesiz, aram\u0131zdaki sevgi ve dostlu\u011fu, dayan\u0131\u015fma ve yard\u0131mla\u015fmay\u0131 muhafaza etti\u011fimiz s&uuml;rece birli\u011fimiz bozulmadan dimdik ayakta kalacakt\u0131r. Bayram g&uuml;nlerinde bu hissiyat, bu ruh, bu inan&ccedil; &ccedil;ok daha g&uuml;&ccedil;l&uuml; bir bi&ccedil;imde tezah&uuml;r ediyor.&nbsp;M&uuml;barek Ramazan ay\u0131nda bir ay boyunca sab\u0131rla, umutla at\u0131lan tohumlar, bayramlar\u0131n geli\u015fi ile sevgi ve co\u015fkuyla tomurcuklar\u0131n\u0131 vermeye ba\u015flar. \u015eimdi g&ouml;n&uuml;l birli\u011fi i&ccedil;inde bayram\u0131 idrak ediyoruz. Bu g&uuml;zel beraberlik ve kayna\u015fma g&uuml;nlerinde kom\u015fular\u0131m\u0131z\u0131, yak\u0131nlar\u0131m\u0131z\u0131, dostlar\u0131m\u0131z\u0131 ziyaret ederek sevindirece\u011fiz. Yoksullar\u0131n, yetimlerin, &ccedil;ocuklar\u0131n y&uuml;z&uuml;n&uuml; g&uuml;ld&uuml;rmeye devam edece\u011fiz.<\/p>\n<p>Bizler &uuml;lkemizde Ramazan ay\u0131n\u0131 ve bayram\u0131 huzur i&ccedil;inde ya\u015farken ne yaz\u0131k ki M&uuml;sl&uuml;man co\u011frafyalarda masumlar\u0131n akan kanlar\u0131na \u015f&acirc;hid oluyoruz. \u0130&ccedil;imiz kan\u0131yor. M&uuml;barek ayda, zul&uuml;m alt\u0131nda olan, can\u0131 yanan, feryat eden M&uuml;sl&uuml;man karde\u015flerimizi de unutmad\u0131k. M&uuml;sl&uuml;manlar\u0131n bir binan\u0131n tu\u011flalar\u0131 gibi oldu\u011fu d&uuml;\u015f&uuml;ncesiyle onlar\u0131n ac\u0131s\u0131n\u0131 kendi ac\u0131m\u0131z bilip &ccedil;ektikleri s\u0131k\u0131nt\u0131lardan kurtulmalar\u0131 i&ccedil;in Cenab-\u0131 Hakk&rsquo;a yalvard\u0131k.<\/p>\n<p>M&uuml;barek Ramazan Bayram\u0131 vesilesiyle diliyorum ki, co\u011frafyam\u0131za d&ouml;n&uuml;k k&uuml;resel d&uuml;\u015fmanl\u0131klar yok olsun. Diliyorum ki, bir bar\u0131\u015f ve esenlik dini olan \u0130slam&#8217;\u0131n merhametli dili herkesi ku\u015fats\u0131n. Adaletin h&acirc;kim oldu\u011fu bir de\u011ferler sistemi i&ccedil;inde herkes, ya\u015fad\u0131\u011f\u0131 d&uuml;nyada onurlu bir insan olarak hayat\u0131n\u0131 idame ettirsin. K\u0131rg\u0131nl\u0131klar\u0131m\u0131z, k&uuml;sl&uuml;klerimiz bu bayram\u0131n i&ccedil;inde erisin.<\/p>\n<p>Bu duygularla Durak K&ouml;y&uuml; Resmi \u0130nternet Sitesi olarak bayram\u0131 birlik ve beraberlik i&ccedil;inde huzurla ge&ccedil;irmenizi Cen&acirc;b-\u0131 H&acirc;k&rsquo;tan diliyor; bu g&uuml;zel bayram co\u015fkusunun b&uuml;t&uuml;n g&ouml;n&uuml;llerin bayram yapmas\u0131na vesile olmas\u0131n\u0131 temenni ediyorum.<\/p>\n<p><strong>Ramazan Bayram\u0131m\u0131z m&uuml;barek olsun.<\/p>\n<p><\/strong><\/p>\n","protected":false},"excerpt":{"rendered":"<p>Manevi iklimimizde m&uuml;stesna faziletleriyle &ouml;nemli bir yere sahip olan Ramazan Bayram\u0131&rsquo;na kavu\u015fman\u0131n sevincini, ne\u015fesini ve bereketini ya\u015f\u0131yoruz. Rabbimize hamd olsun, \u015f&uuml;k&uuml;rler olsun.&nbsp;Sevgi ve ho\u015fg&ouml;r&uuml; kap\u0131lar\u0131n\u0131n araland\u0131\u011f\u0131; endi\u015felerin ve s\u0131k\u0131nt\u0131lar\u0131n bir an i&ccedil;in unutuldu\u011fu; aile kavram\u0131n\u0131n doruk noktada ya\u015fand\u0131\u011f\u0131; duygu birli\u011fimizi en &uuml;st d&uuml;zeyde tazeleme g&uuml;nleri olan bu g&uuml;zel g&uuml;ne kavu\u015fman\u0131n huzuru i&ccedil;indeyiz. Bayramlarla birlikte darg\u0131nl\u0131klar, [&hellip;]<\/p>\n","protected":false},"author":1,"featured_media":9030,"comment_status":"closed","ping_status":"closed","sticky":false,"template":"","format":"standard","meta":[],"categories":[27,6],"tags":[],"_links":{"self":[{"href":"https:\/\/durakkoyu.biz\/index.php?rest_route=\/wp\/v2\/posts\/9029"}],"collection":[{"href":"https:\/\/durakkoyu.biz\/index.php?rest_route=\/wp\/v2\/posts"}],"about":[{"href":"https:\/\/durakkoyu.biz\/index.php?rest_route=\/wp\/v2\/types\/post"}],"author":[{"embeddable":true,"href":"https:\/\/durakkoyu.biz\/index.php?rest_route=\/wp\/v2\/users\/1"}],"replies":[{"embeddable":true,"href":"https:\/\/durakkoyu.biz\/index.php?rest_route=%2Fwp%2Fv2%2Fcomments&post=9029"}],"version-history":[{"count":1,"href":"https:\/\/durakkoyu.biz\/index.php?rest_route=\/wp\/v2\/posts\/9029\/revisions"}],"predecessor-version":[{"id":11123,"href":"https:\/\/durakkoyu.biz\/index.php?rest_route=\/wp\/v2\/posts\/9029\/revisions\/11123"}],"wp:featuredmedia":[{"embeddable":true,"href":"https:\/\/durakkoyu.biz\/index.php?rest_route=\/wp\/v2\/media\/9030"}],"wp:attachment":[{"href":"https:\/\/durakkoyu.biz\/index.php?rest_route=%2Fwp%2Fv2%2Fmedia&parent=9029"}],"wp:term":[{"taxonomy":"category","embeddable":true,"href":"https:\/\/durakkoyu.biz\/index.php?rest_route=%2Fwp%2Fv2%2Fcategories&post=9029"},{"taxonomy":"post_tag","embeddable":true,"href":"https:\/\/durakkoyu.biz\/index.php?rest_route=%2Fwp%2Fv2%2Ftags&post=9029"}],"curies":[{"name":"wp","href":"https:\/\/api.w.org\/{rel}","templated":true}]}}