{"id":14575,"date":"2021-07-06T11:10:30","date_gmt":"2021-07-06T10:10:30","guid":{"rendered":"https:\/\/durakkoyu.com\/?p=14575"},"modified":"2021-07-06T11:39:21","modified_gmt":"2021-07-06T10:39:21","slug":"son-dakika-omer-aliciguzel-vefat-etti","status":"publish","type":"post","link":"https:\/\/durakkoyu.biz\/?p=14575","title":{"rendered":"SON DAK\u0130KA &#8211; \u00d6mer Al\u0131c\u0131g\u00fczel vefat etti"},"content":{"rendered":"<p><strong>\u00d6mer Al\u0131c\u0131g\u00fczel<\/strong> (\u00d6mer \u00e7avu\u015f) bug\u00fcn sabah saatlerinde tedavi g\u00f6rd\u00fc\u011f\u00fc Bey\u015fehir Devlet hastanesinde Hak&#8217;k\u0131n rahmetine kavu\u015fmu\u015ftur.<\/p>\n<blockquote><p>Merhum <strong>\u00d6mer Al\u0131c\u0131g\u00fczel<\/strong> \u2018in cenazesi <em>07 Temmuz 2021<\/em> \u00c7ar\u015famba g\u00fcn\u00fc \u00f6\u011fle namaz\u0131n\u0131 m\u00fcteakip k\u00f6y\u00fcm\u00fczde k\u0131l\u0131nacak cenaze namaz\u0131n\u0131n ard\u0131ndan Durak k\u00f6y\u00fc mezarl\u0131\u011f\u0131nda topra\u011fa verilecektir.<\/p><\/blockquote>\n<blockquote><p>Merasime kat\u0131lacak karde\u015flerimizin <strong>Maske | Mesafe<\/strong> | <strong>Temizlik<\/strong> kurallar\u0131na mutlaka dikkat etmeleri rica olunur!<\/p><\/blockquote>\n<p>Durak K\u00f6y\u00fc Resmi \u0130nternet Sitesi ailesi olarak vefat eden Merhum <strong>\u00d6mer Al\u0131c\u0131g\u00fczel<\/strong> amcaya Hazreti Allah&#8217;tan rahmet, geride kalan kederli <strong>Al\u0131c\u0131g\u00fczel<\/strong>\u00a0ailesine, e\u015f ve dostlar\u0131na ba\u015fsa\u011fl\u0131\u011f\u0131 dileklerimizi iletir, Hazreti Allah&#8217;tan rahmet ve ma\u011ffiretiyle muamele etmesini temenni ederiz.<\/p>\n<blockquote><p>Ba\u015f\u0131n\u0131z sa\u011f olsun <strong>Al\u0131c\u0131g\u00fczel<\/strong>\u00a0ailesi.<\/p><\/blockquote>\n","protected":false},"excerpt":{"rendered":"<p>\u00d6mer Al\u0131c\u0131g\u00fczel (\u00d6mer \u00e7avu\u015f) bug\u00fcn sabah saatlerinde tedavi g\u00f6rd\u00fc\u011f\u00fc Bey\u015fehir Devlet hastanesinde Hak&#8217;k\u0131n rahmetine kavu\u015fmu\u015ftur. Merhum \u00d6mer Al\u0131c\u0131g\u00fczel \u2018in cenazesi 07 Temmuz 2021 \u00c7ar\u015famba g\u00fcn\u00fc \u00f6\u011fle namaz\u0131n\u0131 m\u00fcteakip k\u00f6y\u00fcm\u00fczde k\u0131l\u0131nacak cenaze namaz\u0131n\u0131n ard\u0131ndan Durak k\u00f6y\u00fc mezarl\u0131\u011f\u0131nda topra\u011fa verilecektir. Merasime kat\u0131lacak karde\u015flerimizin Maske | Mesafe | Temizlik kurallar\u0131na mutlaka dikkat etmeleri rica olunur! Durak K\u00f6y\u00fc Resmi [&hellip;]<\/p>\n","protected":false},"author":1,"featured_media":14577,"comment_status":"closed","ping_status":"closed","sticky":false,"template":"","format":"standard","meta":[],"categories":[6,14],"tags":[],"_links":{"self":[{"href":"https:\/\/durakkoyu.biz\/index.php?rest_route=\/wp\/v2\/posts\/14575"}],"collection":[{"href":"https:\/\/durakkoyu.biz\/index.php?rest_route=\/wp\/v2\/posts"}],"about":[{"href":"https:\/\/durakkoyu.biz\/index.php?rest_route=\/wp\/v2\/types\/post"}],"author":[{"embeddable":true,"href":"https:\/\/durakkoyu.biz\/index.php?rest_route=\/wp\/v2\/users\/1"}],"replies":[{"embeddable":true,"href":"https:\/\/durakkoyu.biz\/index.php?rest_route=%2Fwp%2Fv2%2Fcomments&post=14575"}],"version-history":[{"count":5,"href":"https:\/\/durakkoyu.biz\/index.php?rest_route=\/wp\/v2\/posts\/14575\/revisions"}],"predecessor-version":[{"id":14581,"href":"https:\/\/durakkoyu.biz\/index.php?rest_route=\/wp\/v2\/posts\/14575\/revisions\/14581"}],"wp:featuredmedia":[{"embeddable":true,"href":"https:\/\/durakkoyu.biz\/index.php?rest_route=\/wp\/v2\/media\/14577"}],"wp:attachment":[{"href":"https:\/\/durakkoyu.biz\/index.php?rest_route=%2Fwp%2Fv2%2Fmedia&parent=14575"}],"wp:term":[{"taxonomy":"category","embeddable":true,"href":"https:\/\/durakkoyu.biz\/index.php?rest_route=%2Fwp%2Fv2%2Fcategories&post=14575"},{"taxonomy":"post_tag","embeddable":true,"href":"https:\/\/durakkoyu.biz\/index.php?rest_route=%2Fwp%2Fv2%2Ftags&post=14575"}],"curies":[{"name":"wp","href":"https:\/\/api.w.org\/{rel}","templated":true}]}}