{"id":14542,"date":"2021-06-28T23:42:00","date_gmt":"2021-06-28T22:42:00","guid":{"rendered":"https:\/\/durakkoyu.com\/?p=14542"},"modified":"2021-07-02T10:29:58","modified_gmt":"2021-07-02T09:29:58","slug":"son-dakika-ahmet-ali-tasdelen-vefat-etmistir","status":"publish","type":"post","link":"https:\/\/durakkoyu.biz\/?p=14542","title":{"rendered":"SON DAK\u0130KA &#8211; Ahmet Ali Ta\u015fdelen vefat etti"},"content":{"rendered":"<p><strong>Ahmet Ali Ta\u015fdelen<\/strong> (Merhum Kamil o\u011flu) ak\u015fam saatlerinde \u0130svi\u00e7re&#8217;deki evinde kalp krizi sonucu Hak&#8217;k\u0131n rahmetine kavu\u015fmu\u015ftur.<\/p>\n<blockquote><p>Merhum <strong>Ahmet Ali Ta\u015fdelen<\/strong>\u2018in cenazesi <em>03 Temmuz 2021<\/em> Cumartesi g\u00fcn\u00fc \u00f6\u011fle namaz\u0131n\u0131 m\u00fcteakip k\u00f6y\u00fcm\u00fczde k\u0131l\u0131nacak cenaze namaz\u0131n\u0131n ard\u0131ndan Durak K\u00f6y\u00fc mezarl\u0131\u011f\u0131nda topra\u011fa verilecektir.<\/p>\n<\/blockquote>\n<blockquote><p>Merasime kat\u0131lacak karde\u015flerimizin <strong>Maske | Mesafe<\/strong> | <strong>Temizlik<\/strong> kurallar\u0131na mutlaka dikkat etmeleri rica olunur!<\/p>\n<\/blockquote>\n<p>Durak K\u00f6y\u00fc Resmi \u0130nternet Sitesi ailesi olarak vefat eden Merhum <strong>Ahmet Ali Ta\u015fdelen<\/strong> beye Hazreti Allah&#8217;tan rahmet, geride kalan kederli <strong>Ta\u015fdelen<\/strong>&nbsp;ailesine, e\u015f ve dostlar\u0131na ba\u015fsa\u011fl\u0131\u011f\u0131 dileklerimizi iletir, Hazreti Allah&#8217;tan rahmet ve ma\u011ffiretiyle muamele etmesini temenni ederiz.<\/p>\n<blockquote><p>Ba\u015f\u0131n\u0131z sa\u011f olsun <strong>Ta\u015fdelen<\/strong>&nbsp;ailesi.<\/p>\n<\/blockquote>\n","protected":false},"excerpt":{"rendered":"<p>Ahmet Ali Ta\u015fdelen (Merhum Kamil o\u011flu) ak\u015fam saatlerinde \u0130svi\u00e7re&#8217;deki evinde kalp krizi sonucu Hak&#8217;k\u0131n rahmetine kavu\u015fmu\u015ftur. Merhum Ahmet Ali Ta\u015fdelen\u2018in cenazesi 03 Temmuz 2021 Cumartesi g\u00fcn\u00fc \u00f6\u011fle namaz\u0131n\u0131 m\u00fcteakip k\u00f6y\u00fcm\u00fczde k\u0131l\u0131nacak cenaze namaz\u0131n\u0131n ard\u0131ndan Durak K\u00f6y\u00fc mezarl\u0131\u011f\u0131nda topra\u011fa verilecektir. Merasime kat\u0131lacak karde\u015flerimizin Maske | Mesafe | Temizlik kurallar\u0131na mutlaka dikkat etmeleri rica olunur! Durak K\u00f6y\u00fc [&hellip;]<\/p>\n","protected":false},"author":1,"featured_media":14544,"comment_status":"closed","ping_status":"closed","sticky":false,"template":"","format":"standard","meta":[],"categories":[6,14],"tags":[],"_links":{"self":[{"href":"https:\/\/durakkoyu.biz\/index.php?rest_route=\/wp\/v2\/posts\/14542"}],"collection":[{"href":"https:\/\/durakkoyu.biz\/index.php?rest_route=\/wp\/v2\/posts"}],"about":[{"href":"https:\/\/durakkoyu.biz\/index.php?rest_route=\/wp\/v2\/types\/post"}],"author":[{"embeddable":true,"href":"https:\/\/durakkoyu.biz\/index.php?rest_route=\/wp\/v2\/users\/1"}],"replies":[{"embeddable":true,"href":"https:\/\/durakkoyu.biz\/index.php?rest_route=%2Fwp%2Fv2%2Fcomments&post=14542"}],"version-history":[{"count":6,"href":"https:\/\/durakkoyu.biz\/index.php?rest_route=\/wp\/v2\/posts\/14542\/revisions"}],"predecessor-version":[{"id":14557,"href":"https:\/\/durakkoyu.biz\/index.php?rest_route=\/wp\/v2\/posts\/14542\/revisions\/14557"}],"wp:featuredmedia":[{"embeddable":true,"href":"https:\/\/durakkoyu.biz\/index.php?rest_route=\/wp\/v2\/media\/14544"}],"wp:attachment":[{"href":"https:\/\/durakkoyu.biz\/index.php?rest_route=%2Fwp%2Fv2%2Fmedia&parent=14542"}],"wp:term":[{"taxonomy":"category","embeddable":true,"href":"https:\/\/durakkoyu.biz\/index.php?rest_route=%2Fwp%2Fv2%2Fcategories&post=14542"},{"taxonomy":"post_tag","embeddable":true,"href":"https:\/\/durakkoyu.biz\/index.php?rest_route=%2Fwp%2Fv2%2Ftags&post=14542"}],"curies":[{"name":"wp","href":"https:\/\/api.w.org\/{rel}","templated":true}]}}