{"id":14405,"date":"2021-05-03T15:10:55","date_gmt":"2021-05-03T14:10:55","guid":{"rendered":"https:\/\/durakkoyu.com\/?p=14405"},"modified":"2021-05-06T10:22:58","modified_gmt":"2021-05-06T09:22:58","slug":"raziye-gunes-vefat-etti","status":"publish","type":"post","link":"https:\/\/durakkoyu.biz\/?p=14405","title":{"rendered":"Raziye G\u00fcne\u015f vefat etti"},"content":{"rendered":"<p><strong>Raziye G\u00fcne\u015f<\/strong> (Merhum Mehmet e\u015fi) bug\u00fcn Almanya&#8217;da \u00f6\u011fle saatlerinde Hak&#8217;k\u0131n rahmetine kavu\u015fmu\u015ftur.<\/p>\n<blockquote><p>Merhume <strong>Raziye G\u00fcne\u015f<\/strong>\u2018in cenazesi Cumartesi g\u00fcn\u00fc <span style=\"text-decoration: underline\"><em>08 May\u0131s 2021<\/em><\/span> Durak k\u00f6y\u00fcm\u00fczde k\u0131l\u0131nacak cenaze namaz\u0131n\u0131n ard\u0131ndan k\u00f6y mezarl\u0131\u011f\u0131nda topra\u011fa verilecektir.<\/p>\n<\/blockquote>\n<blockquote><p>Merasime kat\u0131lacak karde\u015flerimizin <strong>Maske | Mesafe<\/strong> | <strong>Temizlik<\/strong> kurallar\u0131na mutlaka dikkat etmeleri rica olunur!<\/p>\n<\/blockquote>\n<p>Durak K\u00f6y\u00fc Resmi \u0130nternet Sitesi ailesi olarak vefat eden Merhume <strong>Raziye G\u00fcne\u015f <\/strong>teyzeye Hazreti Allah&#8217;tan rahmet, geride kalan kederli <strong>G\u00fcne\u015f<\/strong> ailesine, e\u015f ve dostlar\u0131na ba\u015fsa\u011fl\u0131\u011f\u0131 dileklerimizi iletir, Hazreti Allah&#8217;tan rahmet ve ma\u011ffiretiyle muamele etmesini temenni ederiz.<\/p>\n<blockquote><p>Ba\u015f\u0131n\u0131z sa\u011f olsun <strong>G\u00fcne\u015f<\/strong> ailesi.<\/p>\n<\/blockquote>\n","protected":false},"excerpt":{"rendered":"<p>Raziye G\u00fcne\u015f (Merhum Mehmet e\u015fi) bug\u00fcn Almanya&#8217;da \u00f6\u011fle saatlerinde Hak&#8217;k\u0131n rahmetine kavu\u015fmu\u015ftur. Merhume Raziye G\u00fcne\u015f\u2018in cenazesi Cumartesi g\u00fcn\u00fc 08 May\u0131s 2021 Durak k\u00f6y\u00fcm\u00fczde k\u0131l\u0131nacak cenaze namaz\u0131n\u0131n ard\u0131ndan k\u00f6y mezarl\u0131\u011f\u0131nda topra\u011fa verilecektir. Merasime kat\u0131lacak karde\u015flerimizin Maske | Mesafe | Temizlik kurallar\u0131na mutlaka dikkat etmeleri rica olunur! Durak K\u00f6y\u00fc Resmi \u0130nternet Sitesi ailesi olarak vefat eden Merhume [&hellip;]<\/p>\n","protected":false},"author":1,"featured_media":14407,"comment_status":"closed","ping_status":"closed","sticky":false,"template":"","format":"standard","meta":[],"categories":[6,14],"tags":[168,160,162,244,94],"_links":{"self":[{"href":"https:\/\/durakkoyu.biz\/index.php?rest_route=\/wp\/v2\/posts\/14405"}],"collection":[{"href":"https:\/\/durakkoyu.biz\/index.php?rest_route=\/wp\/v2\/posts"}],"about":[{"href":"https:\/\/durakkoyu.biz\/index.php?rest_route=\/wp\/v2\/types\/post"}],"author":[{"embeddable":true,"href":"https:\/\/durakkoyu.biz\/index.php?rest_route=\/wp\/v2\/users\/1"}],"replies":[{"embeddable":true,"href":"https:\/\/durakkoyu.biz\/index.php?rest_route=%2Fwp%2Fv2%2Fcomments&post=14405"}],"version-history":[{"count":4,"href":"https:\/\/durakkoyu.biz\/index.php?rest_route=\/wp\/v2\/posts\/14405\/revisions"}],"predecessor-version":[{"id":14410,"href":"https:\/\/durakkoyu.biz\/index.php?rest_route=\/wp\/v2\/posts\/14405\/revisions\/14410"}],"wp:featuredmedia":[{"embeddable":true,"href":"https:\/\/durakkoyu.biz\/index.php?rest_route=\/wp\/v2\/media\/14407"}],"wp:attachment":[{"href":"https:\/\/durakkoyu.biz\/index.php?rest_route=%2Fwp%2Fv2%2Fmedia&parent=14405"}],"wp:term":[{"taxonomy":"category","embeddable":true,"href":"https:\/\/durakkoyu.biz\/index.php?rest_route=%2Fwp%2Fv2%2Fcategories&post=14405"},{"taxonomy":"post_tag","embeddable":true,"href":"https:\/\/durakkoyu.biz\/index.php?rest_route=%2Fwp%2Fv2%2Ftags&post=14405"}],"curies":[{"name":"wp","href":"https:\/\/api.w.org\/{rel}","templated":true}]}}