{"id":14270,"date":"2021-02-10T20:11:24","date_gmt":"2021-02-10T19:11:24","guid":{"rendered":"https:\/\/durakkoyu.com\/?p=14270"},"modified":"2021-02-10T20:12:41","modified_gmt":"2021-02-10T19:12:41","slug":"mehmet-satar-vefat-etti","status":"publish","type":"post","link":"https:\/\/durakkoyu.biz\/?p=14270","title":{"rendered":"Mehmet Satar vefat etti"},"content":{"rendered":"<p><strong>Mehmet Satar<\/strong> (Fadim e\u015fi, Salih &amp; Nazilli damad\u0131) uzun zamand\u0131r tedavi g\u00f6rd\u00fc\u011f\u00fc Bey\u015fehir Devlet hastanesinde bug\u00fcn ak\u015fam saatlerinde Hak&#8217;k\u0131n rahmetine kavu\u015fmu\u015ftur.<\/p>\n<blockquote><p>Merhum <strong>Mehmet Satar<\/strong>\u2018\u0131n cenaze defin i\u015flemleri Per\u015fembe g\u00fcn\u00fc <strong>11 \u015eubat 2021<\/strong> tarihinde Bademli mahallesinde k\u0131l\u0131nacak cenaze namaz\u0131n\u0131n ard\u0131ndan Bademli mezarl\u0131\u011f\u0131nda topra\u011fa verilecektir.<\/p>\n<\/blockquote>\n<blockquote><p>Merasime kat\u0131lacak karde\u015flerimizin <strong>Maske | Mesafe<\/strong> | <strong>Temizlik<\/strong> kurallar\u0131na mutlaka dikkat etmeleri rica olunur!<\/p>\n<\/blockquote>\n<p>Durak K\u00f6y\u00fc Resmi \u0130nternet Sitesi ailesi olarak vefat eden Merhum <strong>Mehmet Satar<\/strong> amcam\u0131za Hazreti Allah&#8217;tan rahmet, geride kalan kederli <strong>Satar<\/strong>&nbsp;&amp; <strong>U\u00e7ar<\/strong> ailelerine, e\u015fi ve dostlar\u0131na ba\u015fsa\u011fl\u0131\u011f\u0131 dileklerimizi iletir, Hazreti Allah&#8217;tan rahmet ve ma\u011ffiretiyle muamele etmesini temenni ederiz.<\/p>\n<blockquote><p>Ba\u015f\u0131n\u0131z sa\u011f olsun <strong>Satar<\/strong>&nbsp;ailesi.<\/p>\n<\/blockquote>\n","protected":false},"excerpt":{"rendered":"<p>Mehmet Satar (Fadim e\u015fi, Salih &amp; Nazilli damad\u0131) uzun zamand\u0131r tedavi g\u00f6rd\u00fc\u011f\u00fc Bey\u015fehir Devlet hastanesinde bug\u00fcn ak\u015fam saatlerinde Hak&#8217;k\u0131n rahmetine kavu\u015fmu\u015ftur. Merhum Mehmet Satar\u2018\u0131n cenaze defin i\u015flemleri Per\u015fembe g\u00fcn\u00fc 11 \u015eubat 2021 tarihinde Bademli mahallesinde k\u0131l\u0131nacak cenaze namaz\u0131n\u0131n ard\u0131ndan Bademli mezarl\u0131\u011f\u0131nda topra\u011fa verilecektir. Merasime kat\u0131lacak karde\u015flerimizin Maske | Mesafe | Temizlik kurallar\u0131na mutlaka dikkat etmeleri [&hellip;]<\/p>\n","protected":false},"author":1,"featured_media":14272,"comment_status":"closed","ping_status":"closed","sticky":false,"template":"","format":"standard","meta":[],"categories":[6,14],"tags":[143,162,180,94],"_links":{"self":[{"href":"https:\/\/durakkoyu.biz\/index.php?rest_route=\/wp\/v2\/posts\/14270"}],"collection":[{"href":"https:\/\/durakkoyu.biz\/index.php?rest_route=\/wp\/v2\/posts"}],"about":[{"href":"https:\/\/durakkoyu.biz\/index.php?rest_route=\/wp\/v2\/types\/post"}],"author":[{"embeddable":true,"href":"https:\/\/durakkoyu.biz\/index.php?rest_route=\/wp\/v2\/users\/1"}],"replies":[{"embeddable":true,"href":"https:\/\/durakkoyu.biz\/index.php?rest_route=%2Fwp%2Fv2%2Fcomments&post=14270"}],"version-history":[{"count":1,"href":"https:\/\/durakkoyu.biz\/index.php?rest_route=\/wp\/v2\/posts\/14270\/revisions"}],"predecessor-version":[{"id":14271,"href":"https:\/\/durakkoyu.biz\/index.php?rest_route=\/wp\/v2\/posts\/14270\/revisions\/14271"}],"wp:featuredmedia":[{"embeddable":true,"href":"https:\/\/durakkoyu.biz\/index.php?rest_route=\/wp\/v2\/media\/14272"}],"wp:attachment":[{"href":"https:\/\/durakkoyu.biz\/index.php?rest_route=%2Fwp%2Fv2%2Fmedia&parent=14270"}],"wp:term":[{"taxonomy":"category","embeddable":true,"href":"https:\/\/durakkoyu.biz\/index.php?rest_route=%2Fwp%2Fv2%2Fcategories&post=14270"},{"taxonomy":"post_tag","embeddable":true,"href":"https:\/\/durakkoyu.biz\/index.php?rest_route=%2Fwp%2Fv2%2Ftags&post=14270"}],"curies":[{"name":"wp","href":"https:\/\/api.w.org\/{rel}","templated":true}]}}