{"id":14253,"date":"2021-01-21T08:54:21","date_gmt":"2021-01-21T07:54:21","guid":{"rendered":"https:\/\/durakkoyu.com\/?p=14253"},"modified":"2021-01-22T08:01:50","modified_gmt":"2021-01-22T07:01:50","slug":"son-dakika-haci-kamil-gunes-vefat-etti","status":"publish","type":"post","link":"https:\/\/durakkoyu.biz\/?p=14253","title":{"rendered":"SON DAK\u0130KA &#8211; Hac\u0131 Kamil G\u00fcne\u015f vefat etti"},"content":{"rendered":"<p>Hac\u0131 <strong>Kamil G\u00fcne\u015f<\/strong> bu gece \u0130stanbul&#8217;daki evinde Hak&#8217;k\u0131n rahmetine kavu\u015fmu\u015ftur.<\/p>\n<blockquote><p>Merhum Hac\u0131 <strong>Kamil G\u00fcne\u015f<\/strong>\u2018in cenaze defin i\u015flemleri Cuma g\u00fcn\u00fc <strong>22 Ocak 2021<\/strong> tarihinde durak k\u00f6y\u00fcm\u00fczde k\u0131l\u0131nacak cenaze namaz\u0131n\u0131n ard\u0131ndan k\u00f6y mezarl\u0131\u011f\u0131nda topra\u011fa verilecektir.<\/p>\n<\/blockquote>\n<blockquote><p>Merasime kat\u0131lacak karde\u015flerimizin <strong>Maske | Mesafe<\/strong> | <strong>Temizlik<\/strong> kurallar\u0131na mutlaka dikkat etmeleri rica olunur!<\/p>\n<\/blockquote>\n<p>Durak K\u00f6y\u00fc Resmi \u0130nternet Sitesi ailesi olarak vefat eden Merhum Hac\u0131 <strong>Kamil G\u00fcne\u015f<\/strong> amcam\u0131za Hazreti Allah&#8217;tan rahmet, geride kalan kederli <strong>G\u00fcne\u015f<\/strong>&nbsp;ailesine, e\u015fi ve dostlar\u0131na ba\u015fsa\u011fl\u0131\u011f\u0131 dileklerimizi iletir, Hazreti Allah&#8217;tan rahmet ve ma\u011ffiretiyle muamele etmesini temenni ederiz.<\/p>\n<blockquote><p>Ba\u015f\u0131n\u0131z sa\u011f olsun <strong>G\u00fcne\u015f<\/strong>&nbsp;ailesi.<\/p>\n<\/blockquote>\n","protected":false},"excerpt":{"rendered":"<p>Hac\u0131 Kamil G\u00fcne\u015f bu gece \u0130stanbul&#8217;daki evinde Hak&#8217;k\u0131n rahmetine kavu\u015fmu\u015ftur. Merhum Hac\u0131 Kamil G\u00fcne\u015f\u2018in cenaze defin i\u015flemleri Cuma g\u00fcn\u00fc 22 Ocak 2021 tarihinde durak k\u00f6y\u00fcm\u00fczde k\u0131l\u0131nacak cenaze namaz\u0131n\u0131n ard\u0131ndan k\u00f6y mezarl\u0131\u011f\u0131nda topra\u011fa verilecektir. Merasime kat\u0131lacak karde\u015flerimizin Maske | Mesafe | Temizlik kurallar\u0131na mutlaka dikkat etmeleri rica olunur! Durak K\u00f6y\u00fc Resmi \u0130nternet Sitesi ailesi olarak vefat [&hellip;]<\/p>\n","protected":false},"author":1,"featured_media":14255,"comment_status":"closed","ping_status":"closed","sticky":false,"template":"","format":"standard","meta":[],"categories":[6,14],"tags":[168,162,179,178,94],"_links":{"self":[{"href":"https:\/\/durakkoyu.biz\/index.php?rest_route=\/wp\/v2\/posts\/14253"}],"collection":[{"href":"https:\/\/durakkoyu.biz\/index.php?rest_route=\/wp\/v2\/posts"}],"about":[{"href":"https:\/\/durakkoyu.biz\/index.php?rest_route=\/wp\/v2\/types\/post"}],"author":[{"embeddable":true,"href":"https:\/\/durakkoyu.biz\/index.php?rest_route=\/wp\/v2\/users\/1"}],"replies":[{"embeddable":true,"href":"https:\/\/durakkoyu.biz\/index.php?rest_route=%2Fwp%2Fv2%2Fcomments&post=14253"}],"version-history":[{"count":5,"href":"https:\/\/durakkoyu.biz\/index.php?rest_route=\/wp\/v2\/posts\/14253\/revisions"}],"predecessor-version":[{"id":14259,"href":"https:\/\/durakkoyu.biz\/index.php?rest_route=\/wp\/v2\/posts\/14253\/revisions\/14259"}],"wp:featuredmedia":[{"embeddable":true,"href":"https:\/\/durakkoyu.biz\/index.php?rest_route=\/wp\/v2\/media\/14255"}],"wp:attachment":[{"href":"https:\/\/durakkoyu.biz\/index.php?rest_route=%2Fwp%2Fv2%2Fmedia&parent=14253"}],"wp:term":[{"taxonomy":"category","embeddable":true,"href":"https:\/\/durakkoyu.biz\/index.php?rest_route=%2Fwp%2Fv2%2Fcategories&post=14253"},{"taxonomy":"post_tag","embeddable":true,"href":"https:\/\/durakkoyu.biz\/index.php?rest_route=%2Fwp%2Fv2%2Ftags&post=14253"}],"curies":[{"name":"wp","href":"https:\/\/api.w.org\/{rel}","templated":true}]}}