{"id":14217,"date":"2020-12-30T09:10:33","date_gmt":"2020-12-30T08:10:33","guid":{"rendered":"https:\/\/durakkoyu.com\/?p=14217"},"modified":"2020-12-30T14:14:13","modified_gmt":"2020-12-30T13:14:13","slug":"son-dakika-ahmet-erkok-vefat-etti","status":"publish","type":"post","link":"https:\/\/durakkoyu.biz\/?p=14217","title":{"rendered":"SON DAK\u0130KA &#8211; Ahmet Erk\u00f6k vefat etti"},"content":{"rendered":"<p>\u00c7apar\u0131n <strong>Ahmet Erk\u00f6k<\/strong> (H\u00fcseyin o\u011flu) bug\u00fcn sabah saatlerinde \u0130stanbul&#8217;daki evinde Hak&#8217;k\u0131n rahmetine kavu\u015fmu\u015ftur.<\/p>\n<blockquote><p>Merhum <strong>Ahmet Erk\u00f6k<\/strong>\u2018\u00fcn cenazesi b\u00fcy\u00fck bir ihtimalle <em>yar\u0131n<\/em> <em>31 Aral\u0131k 2020<\/em> tarihinde \u00f6\u011fle namaz\u0131n\u0131 m\u00fcteakip k\u00f6y\u00fcm\u00fczde k\u0131l\u0131nacak cenaze namaz\u0131n\u0131n ard\u0131ndan Durak K\u00f6y\u00fc mezarl\u0131\u011f\u0131nda topra\u011fa verilecektir.<\/p><\/blockquote>\n<blockquote><p>Merasime kat\u0131lacak karde\u015flerimizin <strong>Maske | Mesafe<\/strong> | <strong>Temizlik<\/strong> kurallar\u0131na mutlaka dikkat etmeleri rica olunur!<\/p><\/blockquote>\n<p>Durak K\u00f6y\u00fc Resmi \u0130nternet Sitesi ailesi olarak vefat eden Merhum <strong>Ahmet Erk\u00f6k<\/strong> beye Hazreti Allah&#8217;tan rahmet, geride kalan kederli <strong>Erk\u00f6k<\/strong>\u00a0ailesine, e\u015f ve dostlar\u0131na ba\u015fsa\u011fl\u0131\u011f\u0131 dileklerimizi iletir, Hazreti Allah&#8217;tan rahmet ve ma\u011ffiretiyle muamele etmesini temenni ederiz.<\/p>\n<blockquote><p>Ba\u015f\u0131n\u0131z sa\u011f olsun <strong>Erk\u00f6k<\/strong>\u00a0ailesi.<\/p><\/blockquote>\n","protected":false},"excerpt":{"rendered":"<p>\u00c7apar\u0131n Ahmet Erk\u00f6k (H\u00fcseyin o\u011flu) bug\u00fcn sabah saatlerinde \u0130stanbul&#8217;daki evinde Hak&#8217;k\u0131n rahmetine kavu\u015fmu\u015ftur. Merhum Ahmet Erk\u00f6k\u2018\u00fcn cenazesi b\u00fcy\u00fck bir ihtimalle yar\u0131n 31 Aral\u0131k 2020 tarihinde \u00f6\u011fle namaz\u0131n\u0131 m\u00fcteakip k\u00f6y\u00fcm\u00fczde k\u0131l\u0131nacak cenaze namaz\u0131n\u0131n ard\u0131ndan Durak K\u00f6y\u00fc mezarl\u0131\u011f\u0131nda topra\u011fa verilecektir. Merasime kat\u0131lacak karde\u015flerimizin Maske | Mesafe | Temizlik kurallar\u0131na mutlaka dikkat etmeleri rica olunur! Durak K\u00f6y\u00fc Resmi [&hellip;]<\/p>\n","protected":false},"author":1,"featured_media":14221,"comment_status":"closed","ping_status":"closed","sticky":false,"template":"","format":"standard","meta":[],"categories":[6,14],"tags":[],"_links":{"self":[{"href":"https:\/\/durakkoyu.biz\/index.php?rest_route=\/wp\/v2\/posts\/14217"}],"collection":[{"href":"https:\/\/durakkoyu.biz\/index.php?rest_route=\/wp\/v2\/posts"}],"about":[{"href":"https:\/\/durakkoyu.biz\/index.php?rest_route=\/wp\/v2\/types\/post"}],"author":[{"embeddable":true,"href":"https:\/\/durakkoyu.biz\/index.php?rest_route=\/wp\/v2\/users\/1"}],"replies":[{"embeddable":true,"href":"https:\/\/durakkoyu.biz\/index.php?rest_route=%2Fwp%2Fv2%2Fcomments&post=14217"}],"version-history":[{"count":5,"href":"https:\/\/durakkoyu.biz\/index.php?rest_route=\/wp\/v2\/posts\/14217\/revisions"}],"predecessor-version":[{"id":14224,"href":"https:\/\/durakkoyu.biz\/index.php?rest_route=\/wp\/v2\/posts\/14217\/revisions\/14224"}],"wp:featuredmedia":[{"embeddable":true,"href":"https:\/\/durakkoyu.biz\/index.php?rest_route=\/wp\/v2\/media\/14221"}],"wp:attachment":[{"href":"https:\/\/durakkoyu.biz\/index.php?rest_route=%2Fwp%2Fv2%2Fmedia&parent=14217"}],"wp:term":[{"taxonomy":"category","embeddable":true,"href":"https:\/\/durakkoyu.biz\/index.php?rest_route=%2Fwp%2Fv2%2Fcategories&post=14217"},{"taxonomy":"post_tag","embeddable":true,"href":"https:\/\/durakkoyu.biz\/index.php?rest_route=%2Fwp%2Fv2%2Ftags&post=14217"}],"curies":[{"name":"wp","href":"https:\/\/api.w.org\/{rel}","templated":true}]}}