{"id":14159,"date":"2020-12-26T08:34:46","date_gmt":"2020-12-26T07:34:46","guid":{"rendered":"https:\/\/durakkoyu.com\/?p=14159"},"modified":"2020-12-27T20:48:34","modified_gmt":"2020-12-27T19:48:34","slug":"zeliha-guzelim-vefat-etti","status":"publish","type":"post","link":"https:\/\/durakkoyu.biz\/?p=14159","title":{"rendered":"Z\u00fcleyha G\u00fczel vefat etti"},"content":{"rendered":"<p><strong>Z\u00fcleyha G\u00fczel<\/strong> (Merhum H\u00fcseyin e\u015fi) uzun zamandan beri \u00e7ekti\u011fi rahats\u0131zl\u0131k sonucu bug\u00fcn Bey\u015fehir&#8217;de o\u011flunun evinde sabah saatlerinde Hakk\u0131n rahmetine kavu\u015fmu\u015ftur.<\/p>\n<blockquote><p>Merhume <strong>Z\u00fcleyha G\u00fczel<\/strong>\u2018in cenazesi <em>yar\u0131n<\/em> 27 Aral\u0131k 2020 \u00f6\u011fle namaz\u0131n\u0131 m\u00fcteakip k\u0131l\u0131nacak cenaze namaz\u0131n\u0131n ard\u0131ndan Durak K\u00f6y\u00fc mezarl\u0131\u011f\u0131nda topra\u011fa verilecektir.<\/p>\n<\/blockquote>\n<blockquote><p>Merasime kat\u0131lacak karde\u015flerimizin <strong>Maske | Mesafe<\/strong> | <strong>Temizlik<\/strong> kurallar\u0131na mutlaka dikkat etmeleri rica olunur!<\/p>\n<\/blockquote>\n<p>Durak K\u00f6y\u00fc Resmi \u0130nternet Sitesi ailesi olarak vefat eden Merhume <strong>Z\u00fcleyha G\u00fczel<\/strong> teyzeye Hazreti Allah&#8217;tan rahmet, geride kalan kederli <strong>G\u00fczel<\/strong> ailesine, e\u015f ve dostlar\u0131na ba\u015fsa\u011fl\u0131\u011f\u0131 dileklerimizi iletir, Hazreti Allah&#8217;tan rahmet ve ma\u011ffiretiyle muamele etmesini temenni ederiz.<\/p>\n<blockquote><p>Ba\u015f\u0131n\u0131z sa\u011f olsun <strong>G\u00fczelim<\/strong> ailesi.<\/p>\n<\/blockquote>\n","protected":false},"excerpt":{"rendered":"<p>Z\u00fcleyha G\u00fczel (Merhum H\u00fcseyin e\u015fi) uzun zamandan beri \u00e7ekti\u011fi rahats\u0131zl\u0131k sonucu bug\u00fcn Bey\u015fehir&#8217;de o\u011flunun evinde sabah saatlerinde Hakk\u0131n rahmetine kavu\u015fmu\u015ftur. Merhume Z\u00fcleyha G\u00fczel\u2018in cenazesi yar\u0131n 27 Aral\u0131k 2020 \u00f6\u011fle namaz\u0131n\u0131 m\u00fcteakip k\u0131l\u0131nacak cenaze namaz\u0131n\u0131n ard\u0131ndan Durak K\u00f6y\u00fc mezarl\u0131\u011f\u0131nda topra\u011fa verilecektir. Merasime kat\u0131lacak karde\u015flerimizin Maske | Mesafe | Temizlik kurallar\u0131na mutlaka dikkat etmeleri rica olunur! Durak [&hellip;]<\/p>\n","protected":false},"author":1,"featured_media":14214,"comment_status":"closed","ping_status":"closed","sticky":false,"template":"","format":"standard","meta":[],"categories":[6,14],"tags":[162,94,164],"_links":{"self":[{"href":"https:\/\/durakkoyu.biz\/index.php?rest_route=\/wp\/v2\/posts\/14159"}],"collection":[{"href":"https:\/\/durakkoyu.biz\/index.php?rest_route=\/wp\/v2\/posts"}],"about":[{"href":"https:\/\/durakkoyu.biz\/index.php?rest_route=\/wp\/v2\/types\/post"}],"author":[{"embeddable":true,"href":"https:\/\/durakkoyu.biz\/index.php?rest_route=\/wp\/v2\/users\/1"}],"replies":[{"embeddable":true,"href":"https:\/\/durakkoyu.biz\/index.php?rest_route=%2Fwp%2Fv2%2Fcomments&post=14159"}],"version-history":[{"count":6,"href":"https:\/\/durakkoyu.biz\/index.php?rest_route=\/wp\/v2\/posts\/14159\/revisions"}],"predecessor-version":[{"id":14208,"href":"https:\/\/durakkoyu.biz\/index.php?rest_route=\/wp\/v2\/posts\/14159\/revisions\/14208"}],"wp:featuredmedia":[{"embeddable":true,"href":"https:\/\/durakkoyu.biz\/index.php?rest_route=\/wp\/v2\/media\/14214"}],"wp:attachment":[{"href":"https:\/\/durakkoyu.biz\/index.php?rest_route=%2Fwp%2Fv2%2Fmedia&parent=14159"}],"wp:term":[{"taxonomy":"category","embeddable":true,"href":"https:\/\/durakkoyu.biz\/index.php?rest_route=%2Fwp%2Fv2%2Fcategories&post=14159"},{"taxonomy":"post_tag","embeddable":true,"href":"https:\/\/durakkoyu.biz\/index.php?rest_route=%2Fwp%2Fv2%2Ftags&post=14159"}],"curies":[{"name":"wp","href":"https:\/\/api.w.org\/{rel}","templated":true}]}}