{"id":12712,"date":"2020-12-15T09:04:11","date_gmt":"2020-12-15T08:04:11","guid":{"rendered":"https:\/\/durakkoyu.com\/?p=12712"},"modified":"2020-12-15T09:13:55","modified_gmt":"2020-12-15T08:13:55","slug":"son-dakika-necati-okur-vefat-etti","status":"publish","type":"post","link":"https:\/\/durakkoyu.biz\/?p=12712","title":{"rendered":"SON DAK\u0130KA &#8211; Hac\u0131 Necati Okur vefat etti"},"content":{"rendered":"<p>Hac\u0131 <strong>Necati Okur<\/strong> 26 Kas\u0131m 2020 tarihinden buyana Covid-19 tedavisi g\u00f6rd\u00fc\u011f\u00fc Konya Devlet hastanesinde bug\u00fcn sabah saatlerinde Hakk\u0131n rahmetine kavu\u015fmu\u015ftur.<\/p>\n<blockquote><p>Merhum Hac\u0131 <strong>Necati Okur<\/strong>\u2018un cenazesi b\u00fcy\u00fck bir ihtimalle <em>bug\u00fcn<\/em> ikindi namaz\u0131n\u0131 m\u00fcteakip k\u0131l\u0131nacak cenaze namaz\u0131n\u0131n ard\u0131ndan Durak K\u00f6y\u00fc mezarl\u0131\u011f\u0131nda topra\u011fa verilecektir.<\/p>\n<\/blockquote>\n<blockquote><p>Merasime kat\u0131lacak karde\u015flerimizin <strong>Maske | Mesafe<\/strong> | <strong>Temizlik<\/strong> kurallar\u0131na mutlaka dikkat etmeleri rica olunur!<\/p>\n<\/blockquote>\n<p>Durak K\u00f6y\u00fc Resmi \u0130nternet Sitesi ailesi olarak vefat eden Merhum Hac\u0131 <strong>Necati Okur<\/strong> amcaya Hazreti Allah&#8217;tan rahmet, geride kalan kederli <strong>Okur<\/strong> ailesine, e\u015f ve dostlar\u0131na ba\u015fsa\u011fl\u0131\u011f\u0131 dileklerimizi iletir, Hazreti Allah&#8217;tan rahmet ve ma\u011ffiretiyle muamele etmesini temenni ederiz.<\/p>\n<blockquote><p>Ba\u015f\u0131n\u0131z sa\u011f olsun <strong>Okur<\/strong> ailesi.<\/p>\n<\/blockquote>\n","protected":false},"excerpt":{"rendered":"<p>Hac\u0131 Necati Okur 26 Kas\u0131m 2020 tarihinden buyana Covid-19 tedavisi g\u00f6rd\u00fc\u011f\u00fc Konya Devlet hastanesinde bug\u00fcn sabah saatlerinde Hakk\u0131n rahmetine kavu\u015fmu\u015ftur. Merhum Hac\u0131 Necati Okur\u2018un cenazesi b\u00fcy\u00fck bir ihtimalle bug\u00fcn ikindi namaz\u0131n\u0131 m\u00fcteakip k\u0131l\u0131nacak cenaze namaz\u0131n\u0131n ard\u0131ndan Durak K\u00f6y\u00fc mezarl\u0131\u011f\u0131nda topra\u011fa verilecektir. Merasime kat\u0131lacak karde\u015flerimizin Maske | Mesafe | Temizlik kurallar\u0131na mutlaka dikkat etmeleri rica olunur! [&hellip;]<\/p>\n","protected":false},"author":1,"featured_media":12716,"comment_status":"closed","ping_status":"closed","sticky":false,"template":"","format":"standard","meta":[],"categories":[6,14],"tags":[95,152,128,94],"_links":{"self":[{"href":"https:\/\/durakkoyu.biz\/index.php?rest_route=\/wp\/v2\/posts\/12712"}],"collection":[{"href":"https:\/\/durakkoyu.biz\/index.php?rest_route=\/wp\/v2\/posts"}],"about":[{"href":"https:\/\/durakkoyu.biz\/index.php?rest_route=\/wp\/v2\/types\/post"}],"author":[{"embeddable":true,"href":"https:\/\/durakkoyu.biz\/index.php?rest_route=\/wp\/v2\/users\/1"}],"replies":[{"embeddable":true,"href":"https:\/\/durakkoyu.biz\/index.php?rest_route=%2Fwp%2Fv2%2Fcomments&post=12712"}],"version-history":[{"count":4,"href":"https:\/\/durakkoyu.biz\/index.php?rest_route=\/wp\/v2\/posts\/12712\/revisions"}],"predecessor-version":[{"id":12717,"href":"https:\/\/durakkoyu.biz\/index.php?rest_route=\/wp\/v2\/posts\/12712\/revisions\/12717"}],"wp:featuredmedia":[{"embeddable":true,"href":"https:\/\/durakkoyu.biz\/index.php?rest_route=\/wp\/v2\/media\/12716"}],"wp:attachment":[{"href":"https:\/\/durakkoyu.biz\/index.php?rest_route=%2Fwp%2Fv2%2Fmedia&parent=12712"}],"wp:term":[{"taxonomy":"category","embeddable":true,"href":"https:\/\/durakkoyu.biz\/index.php?rest_route=%2Fwp%2Fv2%2Fcategories&post=12712"},{"taxonomy":"post_tag","embeddable":true,"href":"https:\/\/durakkoyu.biz\/index.php?rest_route=%2Fwp%2Fv2%2Ftags&post=12712"}],"curies":[{"name":"wp","href":"https:\/\/api.w.org\/{rel}","templated":true}]}}