{"id":12292,"date":"2020-12-12T11:04:03","date_gmt":"2020-12-12T10:04:03","guid":{"rendered":"https:\/\/durakkoyu.com\/?p=12292"},"modified":"2020-12-12T14:16:30","modified_gmt":"2020-12-12T13:16:30","slug":"son-dakika-ayse-aliciguzel-vefat-etti","status":"publish","type":"post","link":"https:\/\/durakkoyu.biz\/?p=12292","title":{"rendered":"SON DAK\u0130KA &#8211; Ay\u015fe Al\u0131c\u0131g\u00fczel vefat etti"},"content":{"rendered":"<p>Hac\u0131 <strong>Ay\u015fe Al\u0131c\u0131g\u00fczel<\/strong> (Hac\u0131k\u0131z\u0131, Sadettin e\u015fi) d\u00fcn ak\u015fam Covid-19 tan\u0131s\u0131 ile kald\u0131r\u0131ld\u0131\u011f\u0131 Bey\u015fehir Devlet hastanesinde bug\u00fcn \u00f6\u011fle saatlerinde Hakk\u0131n rahmetine kavu\u015fmu\u015ftur.<\/p>\n<blockquote><p>Merhume Hac\u0131 <strong>Ay\u015fe Al\u0131c\u0131g\u00fczel<\/strong>\u2018in cenazesi <em>yar\u0131n<\/em> <strong>13 Aral\u0131k 2020<\/strong> \u00f6\u011fle namaz\u0131n\u0131 m\u00fcteakip k\u0131l\u0131nacak cenaze namaz\u0131n\u0131n ard\u0131ndan Durak K\u00f6y\u00fc mezarl\u0131\u011f\u0131nda topra\u011fa verilecektir.<\/p>\n<p>Merasime kat\u0131lacak karde\u015flerimizin <strong>Maske | Mesafe<\/strong> | <strong>Temizlik<\/strong> kurallar\u0131na mutlaka dikkat etmeleri rica olunur!<\/p>\n<\/blockquote>\n<p>Durak K\u00f6y\u00fc Resmi \u0130nternet Sitesi ailesi olarak vefat eden Merhume Hac\u0131 <strong>Ay\u015fe Al\u0131c\u0131g\u00fczel<\/strong> teyzeye Hazreti Allah&#8217;tan rahmet, geride kalan kederli <strong>Al\u0131c\u0131g\u00fczel<\/strong> ailesine, e\u015f ve dostlar\u0131na ba\u015fsa\u011fl\u0131\u011f\u0131 dileklerimizi iletir, Hazreti Allah&#8217;tan rahmet ve ma\u011ffiretiyle muamele etmesini temenni ederiz.<\/p>\n<blockquote><p>Ba\u015f\u0131n\u0131z sa\u011f olsun <strong>Al\u0131c\u0131g\u00fczel<\/strong> ailesi.<\/p>\n<\/blockquote>\n","protected":false},"excerpt":{"rendered":"<p>Hac\u0131 Ay\u015fe Al\u0131c\u0131g\u00fczel (Hac\u0131k\u0131z\u0131, Sadettin e\u015fi) d\u00fcn ak\u015fam Covid-19 tan\u0131s\u0131 ile kald\u0131r\u0131ld\u0131\u011f\u0131 Bey\u015fehir Devlet hastanesinde bug\u00fcn \u00f6\u011fle saatlerinde Hakk\u0131n rahmetine kavu\u015fmu\u015ftur. Merhume Hac\u0131 Ay\u015fe Al\u0131c\u0131g\u00fczel\u2018in cenazesi yar\u0131n 13 Aral\u0131k 2020 \u00f6\u011fle namaz\u0131n\u0131 m\u00fcteakip k\u0131l\u0131nacak cenaze namaz\u0131n\u0131n ard\u0131ndan Durak K\u00f6y\u00fc mezarl\u0131\u011f\u0131nda topra\u011fa verilecektir. Merasime kat\u0131lacak karde\u015flerimizin Maske | Mesafe | Temizlik kurallar\u0131na mutlaka dikkat etmeleri rica [&hellip;]<\/p>\n","protected":false},"author":1,"featured_media":12456,"comment_status":"closed","ping_status":"closed","sticky":false,"template":"","format":"standard","meta":[],"categories":[6,14],"tags":[147,143,95,94],"_links":{"self":[{"href":"https:\/\/durakkoyu.biz\/index.php?rest_route=\/wp\/v2\/posts\/12292"}],"collection":[{"href":"https:\/\/durakkoyu.biz\/index.php?rest_route=\/wp\/v2\/posts"}],"about":[{"href":"https:\/\/durakkoyu.biz\/index.php?rest_route=\/wp\/v2\/types\/post"}],"author":[{"embeddable":true,"href":"https:\/\/durakkoyu.biz\/index.php?rest_route=\/wp\/v2\/users\/1"}],"replies":[{"embeddable":true,"href":"https:\/\/durakkoyu.biz\/index.php?rest_route=%2Fwp%2Fv2%2Fcomments&post=12292"}],"version-history":[{"count":2,"href":"https:\/\/durakkoyu.biz\/index.php?rest_route=\/wp\/v2\/posts\/12292\/revisions"}],"predecessor-version":[{"id":12454,"href":"https:\/\/durakkoyu.biz\/index.php?rest_route=\/wp\/v2\/posts\/12292\/revisions\/12454"}],"wp:featuredmedia":[{"embeddable":true,"href":"https:\/\/durakkoyu.biz\/index.php?rest_route=\/wp\/v2\/media\/12456"}],"wp:attachment":[{"href":"https:\/\/durakkoyu.biz\/index.php?rest_route=%2Fwp%2Fv2%2Fmedia&parent=12292"}],"wp:term":[{"taxonomy":"category","embeddable":true,"href":"https:\/\/durakkoyu.biz\/index.php?rest_route=%2Fwp%2Fv2%2Fcategories&post=12292"},{"taxonomy":"post_tag","embeddable":true,"href":"https:\/\/durakkoyu.biz\/index.php?rest_route=%2Fwp%2Fv2%2Ftags&post=12292"}],"curies":[{"name":"wp","href":"https:\/\/api.w.org\/{rel}","templated":true}]}}