{"id":12171,"date":"2020-12-12T07:44:08","date_gmt":"2020-12-12T06:44:08","guid":{"rendered":"https:\/\/durakkoyu.com\/?p=12171"},"modified":"2020-12-12T14:14:39","modified_gmt":"2020-12-12T13:14:39","slug":"son-dakika-baki-o%cc%88zkan-vefat-etti","status":"publish","type":"post","link":"https:\/\/durakkoyu.biz\/?p=12171","title":{"rendered":"SON DAK\u0130KA &#8211; Hac\u0131 Baki O\u0308zkan vefat etti"},"content":{"rendered":"<p>Hac\u0131 <strong>Baki \u00d6zkan<\/strong> 08 Aral\u0131k 2020 tarihinde Covid-19 tan\u0131s\u0131 ile kald\u0131r\u0131ld\u0131\u011f\u0131 Bey\u015fehir Devlet hastanesinde bug\u00fcn sabah saatlerinde Hakk\u0131n rahmetine kavu\u015fmu\u015ftur.<\/p>\n<blockquote><p>Merhum Hac\u0131 <strong>Baki \u00d6zkan<\/strong>\u2018\u0131n cenazesi <em>yar\u0131n<\/em> <strong>13 Aral\u0131k 2020<\/strong> \u00f6\u011fle namaz\u0131n\u0131 m\u00fcteakip k\u0131l\u0131nacak cenaze namaz\u0131n\u0131n ard\u0131ndan Durak K\u00f6y\u00fc mezarl\u0131\u011f\u0131nda topra\u011fa verilecektir.<\/p>\n<p>Merasime kat\u0131lacak karde\u015flerimizin <strong>Maske | Mesafe<\/strong> | <strong>Temizlik<\/strong> kurallar\u0131na mutlaka dikkat etmeleri rica olunur!<\/p>\n<\/blockquote>\n<p>Durak K\u00f6y\u00fc Resmi \u0130nternet Sitesi ailesi olarak vefat eden Merhum Hac\u0131 <strong>Baki \u00d6zkan<\/strong> amcaya Hazreti Allah&#8217;tan rahmet, geride kalan kederli <strong>O\u0308zkan<\/strong> ailesine, e\u015f ve dostlar\u0131na ba\u015fsa\u011fl\u0131\u011f\u0131 dileklerimizi iletir, Hazreti Allah&#8217;tan rahmet ve ma\u011ffiretiyle muamele etmesini temenni ederiz.<\/p>\n<blockquote><p>Ba\u015f\u0131n\u0131z sa\u011f olsun <strong>\u00d6zkan<\/strong> ailesi.<\/p>\n<\/blockquote>\n","protected":false},"excerpt":{"rendered":"<p>Hac\u0131 Baki \u00d6zkan 08 Aral\u0131k 2020 tarihinde Covid-19 tan\u0131s\u0131 ile kald\u0131r\u0131ld\u0131\u011f\u0131 Bey\u015fehir Devlet hastanesinde bug\u00fcn sabah saatlerinde Hakk\u0131n rahmetine kavu\u015fmu\u015ftur. Merhum Hac\u0131 Baki \u00d6zkan\u2018\u0131n cenazesi yar\u0131n 13 Aral\u0131k 2020 \u00f6\u011fle namaz\u0131n\u0131 m\u00fcteakip k\u0131l\u0131nacak cenaze namaz\u0131n\u0131n ard\u0131ndan Durak K\u00f6y\u00fc mezarl\u0131\u011f\u0131nda topra\u011fa verilecektir. Merasime kat\u0131lacak karde\u015flerimizin Maske | Mesafe | Temizlik kurallar\u0131na mutlaka dikkat etmeleri rica olunur! [&hellip;]<\/p>\n","protected":false},"author":1,"featured_media":12204,"comment_status":"closed","ping_status":"closed","sticky":false,"template":"","format":"standard","meta":[],"categories":[6,14],"tags":[142,143,95,94],"_links":{"self":[{"href":"https:\/\/durakkoyu.biz\/index.php?rest_route=\/wp\/v2\/posts\/12171"}],"collection":[{"href":"https:\/\/durakkoyu.biz\/index.php?rest_route=\/wp\/v2\/posts"}],"about":[{"href":"https:\/\/durakkoyu.biz\/index.php?rest_route=\/wp\/v2\/types\/post"}],"author":[{"embeddable":true,"href":"https:\/\/durakkoyu.biz\/index.php?rest_route=\/wp\/v2\/users\/1"}],"replies":[{"embeddable":true,"href":"https:\/\/durakkoyu.biz\/index.php?rest_route=%2Fwp%2Fv2%2Fcomments&post=12171"}],"version-history":[{"count":7,"href":"https:\/\/durakkoyu.biz\/index.php?rest_route=\/wp\/v2\/posts\/12171\/revisions"}],"predecessor-version":[{"id":12453,"href":"https:\/\/durakkoyu.biz\/index.php?rest_route=\/wp\/v2\/posts\/12171\/revisions\/12453"}],"wp:featuredmedia":[{"embeddable":true,"href":"https:\/\/durakkoyu.biz\/index.php?rest_route=\/wp\/v2\/media\/12204"}],"wp:attachment":[{"href":"https:\/\/durakkoyu.biz\/index.php?rest_route=%2Fwp%2Fv2%2Fmedia&parent=12171"}],"wp:term":[{"taxonomy":"category","embeddable":true,"href":"https:\/\/durakkoyu.biz\/index.php?rest_route=%2Fwp%2Fv2%2Fcategories&post=12171"},{"taxonomy":"post_tag","embeddable":true,"href":"https:\/\/durakkoyu.biz\/index.php?rest_route=%2Fwp%2Fv2%2Ftags&post=12171"}],"curies":[{"name":"wp","href":"https:\/\/api.w.org\/{rel}","templated":true}]}}