{"id":10967,"date":"2020-11-27T16:56:17","date_gmt":"2020-11-27T15:56:17","guid":{"rendered":"https:\/\/durakkoyu.com\/?p=10967"},"modified":"2020-11-27T16:56:19","modified_gmt":"2020-11-27T15:56:19","slug":"durak-koyumuzde-asfalt-guclendirme-calismalari-yapilmistir","status":"publish","type":"post","link":"https:\/\/durakkoyu.biz\/?p=10967","title":{"rendered":"Durak k\u00f6y\u00fcm\u00fczde asfalt g\u00fc\u00e7lendirme \u00e7al\u0131\u015fmalar\u0131 yap\u0131lm\u0131\u015ft\u0131r"},"content":{"rendered":"<p>Durak mahallemizde baz\u0131 noktalarda asfalt\u0131n deforme olmas\u0131 sebebiyle asfalt g\u00fc\u00e7lendirme \u00e7al\u0131\u015fmalar\u0131 yap\u0131lm\u0131\u015ft\u0131r. Restoresi tamamlanan Han&#8217;\u0131n \u00e7evresinde de \u00e7al\u0131\u015fmalar yap\u0131larak daha estetik bir g\u00f6r\u00fcn\u00fcm kazand\u0131r\u0131larak daha kullan\u0131\u015fl\u0131 hale getirildi.<\/p>\n<p>Desteklerinden dolay\u0131 Konya B\u00fcy\u00fck\u015fehir Belediye Ba\u015fkan\u0131m\u0131z U\u011fur \u0130brahim Altay, beye Koordinasyon Daire Ba\u015fkan\u0131m\u0131z Mustafa Yazl\u0131k beye, Fen \u0130\u015fleri Daire Ba\u015fkan\u0131m\u0131z Hasan H\u00fcseyin Esfendiyar beye, Fen \u0130\u015fleri 4.B\u00f6lge M\u00fcd\u00fcr\u00fcm\u00fcz Memi\u015f Kunt beye ve \u00e7al\u0131\u015fma arkada\u015flar\u0131m\u0131za te\u015fekk\u00fcr ederiz.<\/p>\n<p>Ahmet KISA<\/p>\n<p>Derebucak Belediye Ba\u015fkan\u0131<\/p>\n<blockquote><p>Durak K\u00f6y\u00fc Resmi \u0130nternet Sitesi ailesi olarak k\u00f6y\u00fcm\u00fcz ve k\u00f6yl\u00fclerimize yap\u0131lan t\u00fcm hizmetleriniz i\u00e7in k\u00f6y\u00fcm\u00fcz ve k\u00f6yl\u00fclerimiz ad\u0131na ba\u015fta Konya B\u00fcy\u00fck\u015fehir Belediyesi ve Derebucak Belediyesine sonsuz te\u015fekk\u00fcrler ederiz.<\/p><\/blockquote>\n","protected":false},"excerpt":{"rendered":"<p>Durak mahallemizde baz\u0131 noktalarda asfalt\u0131n deforme olmas\u0131 sebebiyle asfalt g\u00fc\u00e7lendirme \u00e7al\u0131\u015fmalar\u0131 yap\u0131lm\u0131\u015ft\u0131r. Restoresi tamamlanan Han&#8217;\u0131n \u00e7evresinde de \u00e7al\u0131\u015fmalar yap\u0131larak daha estetik bir g\u00f6r\u00fcn\u00fcm kazand\u0131r\u0131larak daha kullan\u0131\u015fl\u0131 hale getirildi. Desteklerinden dolay\u0131 Konya B\u00fcy\u00fck\u015fehir Belediye Ba\u015fkan\u0131m\u0131z U\u011fur \u0130brahim Altay, beye Koordinasyon Daire Ba\u015fkan\u0131m\u0131z Mustafa Yazl\u0131k beye, Fen \u0130\u015fleri Daire Ba\u015fkan\u0131m\u0131z Hasan H\u00fcseyin Esfendiyar beye, Fen \u0130\u015fleri 4.B\u00f6lge [&hellip;]<\/p>\n","protected":false},"author":1,"featured_media":10966,"comment_status":"closed","ping_status":"closed","sticky":false,"template":"","format":"standard","meta":[],"categories":[71,6],"tags":[132,131,130,133],"_links":{"self":[{"href":"https:\/\/durakkoyu.biz\/index.php?rest_route=\/wp\/v2\/posts\/10967"}],"collection":[{"href":"https:\/\/durakkoyu.biz\/index.php?rest_route=\/wp\/v2\/posts"}],"about":[{"href":"https:\/\/durakkoyu.biz\/index.php?rest_route=\/wp\/v2\/types\/post"}],"author":[{"embeddable":true,"href":"https:\/\/durakkoyu.biz\/index.php?rest_route=\/wp\/v2\/users\/1"}],"replies":[{"embeddable":true,"href":"https:\/\/durakkoyu.biz\/index.php?rest_route=%2Fwp%2Fv2%2Fcomments&post=10967"}],"version-history":[{"count":1,"href":"https:\/\/durakkoyu.biz\/index.php?rest_route=\/wp\/v2\/posts\/10967\/revisions"}],"predecessor-version":[{"id":10968,"href":"https:\/\/durakkoyu.biz\/index.php?rest_route=\/wp\/v2\/posts\/10967\/revisions\/10968"}],"wp:featuredmedia":[{"embeddable":true,"href":"https:\/\/durakkoyu.biz\/index.php?rest_route=\/wp\/v2\/media\/10966"}],"wp:attachment":[{"href":"https:\/\/durakkoyu.biz\/index.php?rest_route=%2Fwp%2Fv2%2Fmedia&parent=10967"}],"wp:term":[{"taxonomy":"category","embeddable":true,"href":"https:\/\/durakkoyu.biz\/index.php?rest_route=%2Fwp%2Fv2%2Fcategories&post=10967"},{"taxonomy":"post_tag","embeddable":true,"href":"https:\/\/durakkoyu.biz\/index.php?rest_route=%2Fwp%2Fv2%2Ftags&post=10967"}],"curies":[{"name":"wp","href":"https:\/\/api.w.org\/{rel}","templated":true}]}}