{"id":10925,"date":"2020-11-16T12:00:02","date_gmt":"2020-11-16T11:00:02","guid":{"rendered":"https:\/\/durakkoyu.com\/?p=10925"},"modified":"2020-11-18T09:14:19","modified_gmt":"2020-11-18T08:14:19","slug":"son-dakika-ahmet-ali-evci-vefat-etmistir","status":"publish","type":"post","link":"https:\/\/durakkoyu.biz\/?p=10925","title":{"rendered":"SON DAK\u0130KA &#8211; Ahmet Ali Evci vefat etmi\u015ftir"},"content":{"rendered":"<p><strong>Ahmet Ali Evci<\/strong> (Hac\u0131 Yusuf o\u011flu) tedavi g\u00f6rd\u00fc\u011f\u00fc Konya Akademi hastanesinde bug\u00fcn \u00f6\u011flen saat 12:00 sular\u0131nda Hakk\u0131n rahmetine kavu\u015fmu\u015ftur.<\/p>\n<blockquote><p>Merhum<strong> Ahmet Ali Evci<\/strong>\u2018nin cenazesi <em>yar\u0131n<\/em> <strong>17 Kas\u0131m 2020<\/strong> \u00f6\u011fle namaz\u0131n\u0131 m\u00fcteakip k\u0131l\u0131nacak cenaze namaz\u0131n\u0131n ard\u0131ndan Durak K\u00f6y\u00fc mezarl\u0131\u011f\u0131nda topra\u011fa verilecektir.<\/p>\n<\/blockquote>\n<blockquote><p>Merasime kat\u0131lacak karde\u015flerimizin <strong>Maske |Sosyal Mesafe<\/strong> | <strong>Hijyen<\/strong> kurallar\u0131na mutlaka dikkat etmeleri rica olunur!<\/p>\n<\/blockquote>\n<p>Durak K\u00f6y\u00fc Resmi \u0130nternet Sitesi ailesi olarak vefat eden Merhum <strong>Ahmet Ali Evci<\/strong> amcam\u0131za Hazreti Allah&#8217;tan rahmet, geride kalan kederli <strong>Evci<\/strong> ailesine, e\u015f ve dostlar\u0131na ba\u015fsa\u011fl\u0131\u011f\u0131 dileklerimizi iletir, Hazreti Allah&#8217;tan rahmet ve ma\u011ffiretiyle muamele etmesini temenni ederiz.<\/p>\n<blockquote><p>Ba\u015f\u0131n\u0131z sa\u011f olsun<strong> Evci<\/strong> ailesi.<\/p>\n<\/blockquote>\n","protected":false},"excerpt":{"rendered":"<p>Ahmet Ali Evci (Hac\u0131 Yusuf o\u011flu) tedavi g\u00f6rd\u00fc\u011f\u00fc Konya Akademi hastanesinde bug\u00fcn \u00f6\u011flen saat 12:00 sular\u0131nda Hakk\u0131n rahmetine kavu\u015fmu\u015ftur. Merhum Ahmet Ali Evci\u2018nin cenazesi yar\u0131n 17 Kas\u0131m 2020 \u00f6\u011fle namaz\u0131n\u0131 m\u00fcteakip k\u0131l\u0131nacak cenaze namaz\u0131n\u0131n ard\u0131ndan Durak K\u00f6y\u00fc mezarl\u0131\u011f\u0131nda topra\u011fa verilecektir. Merasime kat\u0131lacak karde\u015flerimizin Maske |Sosyal Mesafe | Hijyen kurallar\u0131na mutlaka dikkat etmeleri rica olunur! Durak [&hellip;]<\/p>\n","protected":false},"author":1,"featured_media":10955,"comment_status":"closed","ping_status":"closed","sticky":false,"template":"","format":"standard","meta":[],"categories":[6,14],"tags":[125,94],"_links":{"self":[{"href":"https:\/\/durakkoyu.biz\/index.php?rest_route=\/wp\/v2\/posts\/10925"}],"collection":[{"href":"https:\/\/durakkoyu.biz\/index.php?rest_route=\/wp\/v2\/posts"}],"about":[{"href":"https:\/\/durakkoyu.biz\/index.php?rest_route=\/wp\/v2\/types\/post"}],"author":[{"embeddable":true,"href":"https:\/\/durakkoyu.biz\/index.php?rest_route=\/wp\/v2\/users\/1"}],"replies":[{"embeddable":true,"href":"https:\/\/durakkoyu.biz\/index.php?rest_route=%2Fwp%2Fv2%2Fcomments&post=10925"}],"version-history":[{"count":5,"href":"https:\/\/durakkoyu.biz\/index.php?rest_route=\/wp\/v2\/posts\/10925\/revisions"}],"predecessor-version":[{"id":10930,"href":"https:\/\/durakkoyu.biz\/index.php?rest_route=\/wp\/v2\/posts\/10925\/revisions\/10930"}],"wp:featuredmedia":[{"embeddable":true,"href":"https:\/\/durakkoyu.biz\/index.php?rest_route=\/wp\/v2\/media\/10955"}],"wp:attachment":[{"href":"https:\/\/durakkoyu.biz\/index.php?rest_route=%2Fwp%2Fv2%2Fmedia&parent=10925"}],"wp:term":[{"taxonomy":"category","embeddable":true,"href":"https:\/\/durakkoyu.biz\/index.php?rest_route=%2Fwp%2Fv2%2Fcategories&post=10925"},{"taxonomy":"post_tag","embeddable":true,"href":"https:\/\/durakkoyu.biz\/index.php?rest_route=%2Fwp%2Fv2%2Ftags&post=10925"}],"curies":[{"name":"wp","href":"https:\/\/api.w.org\/{rel}","templated":true}]}}