{"id":10362,"date":"2020-08-05T10:42:11","date_gmt":"2020-08-05T09:42:11","guid":{"rendered":"https:\/\/durakkoyu.com\/?p=10362"},"modified":"2021-05-23T13:27:10","modified_gmt":"2021-05-23T12:27:10","slug":"haci-fadime-evci-rahmeti-rahmana-yurudu","status":"publish","type":"post","link":"https:\/\/durakkoyu.biz\/?p=10362","title":{"rendered":"Hac\u0131 Fadime Evci Rahmeti Rahman&#8217;a y\u00fcr\u00fcd\u00fc"},"content":{"rendered":"<p>K\u00f6y\u00fcm\u00fcz\u00fcn sevilen y\u00fcz\u00fc biricik annemiz Hac\u0131 <strong>Fadime Evci<\/strong> (Hac\u0131 Mustafa e\u015fi) <em>01 A\u011fustos 2020<\/em> tarihinde tedavi i\u00e7in yatt\u0131\u011f\u0131 Bey\u015fehir Devlet hastanesinde bug\u00fcn sabah saat 02:30 sular\u0131nda ruhunu teslim ederek Hak&#8217;k\u0131n rahmetine kavu\u015fmu\u015ftur.<\/p>\n<blockquote><p>Merhume annemiz Hac\u0131 <strong>Fadime Evci<\/strong>&#8216;nin cenazesi yar\u0131n <em>06 A\u011fustos 2020<\/em> tarihinde saat <em>11:00<\/em>&#8216;da k\u0131l\u0131nacak cenaze namaz\u0131n\u0131n ard\u0131ndan k\u00f6y mezarl\u0131\u011f\u0131nda topra\u011fa verilecektir.<\/p>\n<p>Merasime kat\u0131lacak karde\u015flerimizin maske ve sosyal mesafeye mutlaka dikkat etmeleri rica olunur!<\/p>\n<\/blockquote>\n<p>Durak K\u00f6y\u00fc Resmi \u0130nternet Sitesi ailesi olarak tedavi g\u00f6rd\u00fc\u011f\u00fc hastenede vefat eden biricik annemiz Merhume Hac\u0131 <strong>Fadime Evci<\/strong>&#8216;ye Hazreti Allah&#8217;tan gani gani rahmet temenni eder, geride kalan biz kederli <strong>Evci<\/strong> ailesine Hazreti Allah&#8217;tan sabr-\u0131 cemiller diler, e\u015f ve dostlar\u0131na ba\u015fsa\u011fl\u0131\u011f\u0131 dileklerimizi iletir, Hazreti Allah&#8217;tan rahmet ve ma\u011ffiretiyle muamele etmesini temenni ederiz.<\/p>\n","protected":false},"excerpt":{"rendered":"<p>K\u00f6y\u00fcm\u00fcz\u00fcn sevilen y\u00fcz\u00fc biricik annemiz Hac\u0131 Fadime Evci (Hac\u0131 Mustafa e\u015fi) 01 A\u011fustos 2020 tarihinde tedavi i\u00e7in yatt\u0131\u011f\u0131 Bey\u015fehir Devlet hastanesinde bug\u00fcn sabah saat 02:30 sular\u0131nda ruhunu teslim ederek Hak&#8217;k\u0131n rahmetine kavu\u015fmu\u015ftur. Merhume annemiz Hac\u0131 Fadime Evci&#8216;nin cenazesi yar\u0131n 06 A\u011fustos 2020 tarihinde saat 11:00&#8216;da k\u0131l\u0131nacak cenaze namaz\u0131n\u0131n ard\u0131ndan k\u00f6y mezarl\u0131\u011f\u0131nda topra\u011fa verilecektir. Merasime kat\u0131lacak [&hellip;]<\/p>\n","protected":false},"author":1,"featured_media":0,"comment_status":"closed","ping_status":"closed","sticky":false,"template":"","format":"standard","meta":[],"categories":[6,14],"tags":[141,143,255,162,82,94],"_links":{"self":[{"href":"https:\/\/durakkoyu.biz\/index.php?rest_route=\/wp\/v2\/posts\/10362"}],"collection":[{"href":"https:\/\/durakkoyu.biz\/index.php?rest_route=\/wp\/v2\/posts"}],"about":[{"href":"https:\/\/durakkoyu.biz\/index.php?rest_route=\/wp\/v2\/types\/post"}],"author":[{"embeddable":true,"href":"https:\/\/durakkoyu.biz\/index.php?rest_route=\/wp\/v2\/users\/1"}],"replies":[{"embeddable":true,"href":"https:\/\/durakkoyu.biz\/index.php?rest_route=%2Fwp%2Fv2%2Fcomments&post=10362"}],"version-history":[{"count":2,"href":"https:\/\/durakkoyu.biz\/index.php?rest_route=\/wp\/v2\/posts\/10362\/revisions"}],"predecessor-version":[{"id":14436,"href":"https:\/\/durakkoyu.biz\/index.php?rest_route=\/wp\/v2\/posts\/10362\/revisions\/14436"}],"wp:attachment":[{"href":"https:\/\/durakkoyu.biz\/index.php?rest_route=%2Fwp%2Fv2%2Fmedia&parent=10362"}],"wp:term":[{"taxonomy":"category","embeddable":true,"href":"https:\/\/durakkoyu.biz\/index.php?rest_route=%2Fwp%2Fv2%2Fcategories&post=10362"},{"taxonomy":"post_tag","embeddable":true,"href":"https:\/\/durakkoyu.biz\/index.php?rest_route=%2Fwp%2Fv2%2Ftags&post=10362"}],"curies":[{"name":"wp","href":"https:\/\/api.w.org\/{rel}","templated":true}]}}