{"id":10360,"date":"2020-07-31T17:01:49","date_gmt":"2020-07-31T16:01:49","guid":{"rendered":"https:\/\/durakkoyu.com\/?p=10360"},"modified":"2020-09-10T17:13:01","modified_gmt":"2020-09-10T16:13:01","slug":"kurban-bayramimiz-mubarek-olsun","status":"publish","type":"post","link":"https:\/\/durakkoyu.biz\/?p=10360","title":{"rendered":"Kurban Bayram\u0131m\u0131z m\u00fcbarek olsun"},"content":{"rendered":"<blockquote><p>Rabbimizin inanan kullar\u0131na en b\u00fcy\u00fck ikramlar\u0131ndan olan bayramlardan birine daha kavu\u015fman\u0131n mutlulu\u011funu ve huzurunu ya\u015f\u0131yoruz. Bizi <strong>Kurban Bayram\u0131<\/strong>\u2019na kavu\u015fturan Rabbimize sonsuz \u015f\u00fck\u00fcrler olsun.<\/p>\n<p>Yediden yetmi\u015fe t\u00fcm inananlar\u0131n ayn\u0131 hissiyatta bulu\u015ftu\u011fu bayramlar; sevginin, ho\u015fg\u00f6r\u00fcn\u00fcn, mutlulu\u011fun zirve yapt\u0131\u011f\u0131 g\u00fcnlerdir.<\/p>\n<p>Her M\u00fcsl\u00fcman\u0131n bir di\u011ferini \u201c<strong>karde\u015f<\/strong>\u201d g\u00f6rd\u00fc\u011f\u00fc, zengin-fakir ayr\u0131m\u0131n\u0131n \u201c<strong>payla\u015fma<\/strong>\u201dda e\u015fitlendi\u011fi, herkesin ayn\u0131 duygularda bulu\u015ftu\u011fu bayramlar; hak dine inananlar\u0131n kendilerini \u00f6zel hissettikleri en g\u00fczel g\u00fczel zamanlard\u0131r.<\/p>\n<p>Kurban ise; adanmak, ar\u0131nmak ve payla\u015fmakt\u0131r. Kurban; Hazreti \u0130brahim\u2019in samimiyeti, Hazreti \u0130smail\u2019in teslimiyetidir. Kurban; Rabbe ko\u015fulsuz itaatin \u00f6d\u00fcl\u00fcd\u00fcr. \u201c<em>Onlar\u0131n ne etleri ne de kanlar\u0131 Allah\u2019a ula\u015f\u0131r, fakat sizden O\u2019na sadece takvan\u0131z ula\u015f\u0131r<\/em>\u201d mealindeki ayetin s\u0131rr\u0131na ermektir; Kurban\u2026<\/p>\n<p>Kurban; Peygamber Efendimizin \u201c<em>Ey Allah\u2019\u0131n kullar\u0131, karde\u015f olunuz<\/em>\u201d tavsiyesinin bar\u0131\u015f iklimindeki tezah\u00fcr\u00fcd\u00fcr. Karde\u015fin karde\u015fe g\u00f6n\u00fclden el uzatt\u0131\u011f\u0131, k\u00fc\u00e7\u00fcklerin sevindirildi\u011fi, b\u00fcy\u00fcklerin onurland\u0131r\u0131ld\u0131\u011f\u0131, t\u00fcm g\u00fczel hasletlerin \u00f6n plana \u00e7\u0131kt\u0131\u011f\u0131, g\u00f6n\u00fclden g\u00f6n\u00fcle yollar\u0131n a\u00e7\u0131ld\u0131\u011f\u0131 Kurban Bayram\u0131; \u00e7a\u011f\u0131m\u0131z sorunlar\u0131n\u0131n ilahi re\u00e7etesidir.<\/p>\n<p>Rabbim bizlere bu g\u00fczellikleri doyas\u0131ya ya\u015famay\u0131, payla\u015fman\u0131n tad\u0131na varmay\u0131 ve bayram\u0131 lay\u0131k\u0131yla kutlamay\u0131 nasip etsin\u2026<\/p>\n<p>Bug\u00fcnlerde ayn\u0131 bayram gibi bir ba\u015fka g\u00fczelli\u011fi daha ya\u015f\u0131yoruz. Rabbimize sonsuz \u015f\u00fck\u00fcrler olsun ki; Ayasofya 86 y\u0131l aradan sonra 24 Temmuz Cuma g\u00fcn\u00fc yeniden ezanla, cemaatle, tekbirlerle bulu\u015ftu. \u0130stanbul\u2019un fethinin simgesi, Peygamber Efendimizin m\u00fcjdeledi\u011fi kutlu komutan Fatih Sultan Mehmet\u2019in emaneti Ayasofya-i Kebir Camii \u015eerifi, 481 y\u0131l boyunca temsil etti\u011fi manay\u0131 in\u015fallah sonsuza kadar ya\u015fatmaya devam edecek.<\/p>\n<p>\u00dclkemizin, co\u011frafyam\u0131z\u0131n ve t\u00fcm d\u00fcnya M\u00fcsl\u00fcmanlar\u0131n\u0131n dirili\u015fini temsil eden Ayasofya\u2019n\u0131n bug\u00fcnk\u00fc h\u00fcviyetine kavu\u015fturulmas\u0131n\u0131 sa\u011flayan emek veren, \u00e7aba g\u00f6steren herkese te\u015fekk\u00fcr ediyor, dua ediyoruz.<\/p>\n<p>Rabbim birli\u011fimizi daim k\u0131ls\u0131n.<\/p>\n<p>\u0130nsanl\u0131k alemi b\u00fcy\u00fck bir imtihandan ge\u00e7iyor. Koronavir\u00fcs t\u00fcm d\u00fcnyada ocaklar y\u0131k\u0131yor, hayat\u0131 durduruyor. Vir\u00fcsle m\u00fccadelede d\u00fcnya \u00fclkeleri b\u00fcy\u00fck zorluklarla u\u011fra\u015f\u0131rken, hamdolsun \u00fclkemiz s\u00fcreci ba\u015far\u0131yla y\u00fcr\u00fctt\u00fc. Hem t\u00fcm \u015fehirlerimizde \u00f6rnek bir m\u00fccadele sergilendi hem de 138 \u00fclkeye bu s\u00fcre\u00e7te insani yard\u0131m yap\u0131ld\u0131.<\/p>\n<p>\u015eimdi; vir\u00fcs\u00fcn \u015fehrimizi ve \u00fclkemizi tamamen terk etmesi i\u00e7in bizlerin biraz daha gayret etmesi, rehavete kap\u0131lmadan kurallara riayet etmesi gerekiyor.<\/p>\n<p>Bu y\u00fczden maalesef Kurban Bayram\u0131n\u0131 arzu etti\u011fimiz yak\u0131nl\u0131kta kutlayamayaca\u011f\u0131z.<\/p>\n<p>T\u00fcm hem\u015fehrilerimizin bayramda da salg\u0131n hakikatinin bilincinde hareket etmelerini rica ediyorum. Mezarl\u0131k ziyaretlerinde, kurban kesiminde ve da\u011f\u0131t\u0131m\u0131nda, e\u015f, dost ve akraba ziyaretlerinde l\u00fctfen maske, hijyen ve sosyal mesafe kurallar\u0131na hassasiyetle uyal\u0131m. Bayram sonras\u0131n\u0131n h\u00fczne d\u00f6n\u00fc\u015fmemesi i\u00e7in hepimiz bu kurallara dikkat edelim. Bu bayram g\u00f6n\u00fclden kucakla\u015fal\u0131m.<\/p>\n<p>Bayram\u0131 bayram tad\u0131nda ya\u015fayal\u0131m in\u015fallah.<\/p>\n<p>Bu vesileyle Durak K\u00f6y\u00fc Resmi \u0130nternet Sitesi olarak t\u00fcm \u0130slam Alemi\u2019nin, milletimizin ve Konyal\u0131 hem\u015fehrilerimizin m\u00fcbarek <strong>Kurban Bayram\u0131<\/strong>\u2019n\u0131 tebrik ediyor; sonraki bayramlara sa\u011fl\u0131k ve afiyet i\u00e7erisinde ula\u015fmay\u0131 Rabbimizden diliyoruz.<br \/>\nHay\u0131rl\u0131 bayramlar.<\/p><\/blockquote>\n","protected":false},"excerpt":{"rendered":"<p>Rabbimizin inanan kullar\u0131na en b\u00fcy\u00fck ikramlar\u0131ndan olan bayramlardan birine daha kavu\u015fman\u0131n mutlulu\u011funu ve huzurunu ya\u015f\u0131yoruz. Bizi Kurban Bayram\u0131\u2019na kavu\u015fturan Rabbimize sonsuz \u015f\u00fck\u00fcrler olsun. Yediden yetmi\u015fe t\u00fcm inananlar\u0131n ayn\u0131 hissiyatta bulu\u015ftu\u011fu bayramlar; sevginin, ho\u015fg\u00f6r\u00fcn\u00fcn, mutlulu\u011fun zirve yapt\u0131\u011f\u0131 g\u00fcnlerdir. Her M\u00fcsl\u00fcman\u0131n bir di\u011ferini \u201ckarde\u015f\u201d g\u00f6rd\u00fc\u011f\u00fc, zengin-fakir ayr\u0131m\u0131n\u0131n \u201cpayla\u015fma\u201dda e\u015fitlendi\u011fi, herkesin ayn\u0131 duygularda bulu\u015ftu\u011fu bayramlar; hak dine inananlar\u0131n [&hellip;]<\/p>\n","protected":false},"author":1,"featured_media":0,"comment_status":"closed","ping_status":"closed","sticky":false,"template":"","format":"standard","meta":[],"categories":[27,6],"tags":[],"_links":{"self":[{"href":"https:\/\/durakkoyu.biz\/index.php?rest_route=\/wp\/v2\/posts\/10360"}],"collection":[{"href":"https:\/\/durakkoyu.biz\/index.php?rest_route=\/wp\/v2\/posts"}],"about":[{"href":"https:\/\/durakkoyu.biz\/index.php?rest_route=\/wp\/v2\/types\/post"}],"author":[{"embeddable":true,"href":"https:\/\/durakkoyu.biz\/index.php?rest_route=\/wp\/v2\/users\/1"}],"replies":[{"embeddable":true,"href":"https:\/\/durakkoyu.biz\/index.php?rest_route=%2Fwp%2Fv2%2Fcomments&post=10360"}],"version-history":[{"count":1,"href":"https:\/\/durakkoyu.biz\/index.php?rest_route=\/wp\/v2\/posts\/10360\/revisions"}],"predecessor-version":[{"id":10361,"href":"https:\/\/durakkoyu.biz\/index.php?rest_route=\/wp\/v2\/posts\/10360\/revisions\/10361"}],"wp:attachment":[{"href":"https:\/\/durakkoyu.biz\/index.php?rest_route=%2Fwp%2Fv2%2Fmedia&parent=10360"}],"wp:term":[{"taxonomy":"category","embeddable":true,"href":"https:\/\/durakkoyu.biz\/index.php?rest_route=%2Fwp%2Fv2%2Fcategories&post=10360"},{"taxonomy":"post_tag","embeddable":true,"href":"https:\/\/durakkoyu.biz\/index.php?rest_route=%2Fwp%2Fv2%2Ftags&post=10360"}],"curies":[{"name":"wp","href":"https:\/\/api.w.org\/{rel}","templated":true}]}}