{"id":10285,"date":"2020-06-15T14:42:16","date_gmt":"2020-06-15T13:42:16","guid":{"rendered":"https:\/\/durakkoyu.com\/?p=10285"},"modified":"2020-06-17T14:58:10","modified_gmt":"2020-06-17T13:58:10","slug":"akkanat-egitim-ve-saglik-vakfi-tarafindan-kubbe-i-hadra-restore-ediliyor","status":"publish","type":"post","link":"https:\/\/durakkoyu.biz\/?p=10285","title":{"rendered":"Akkanat E\u011fitim ve Sa\u011fl\u0131k Vakf\u0131 taraf\u0131ndan Kubbe-i Hadra restore ettiriliyor"},"content":{"rendered":"<p>Mevlana T\u00fcrbesi\u2019ndeki Kubbe-i Hadra, tarihinde 8. kez restore edilip yenileniyor. Restorasyon projesiyle ilgili Mevlana M\u00fczesi&#8217;nde d\u00fczenlenen programda konu\u015fan \u0130l K\u00fclt\u00fcr ve Turizm M\u00fcd\u00fcr\u00fc Abd\u00fcssettar Yarar, \u201c60 y\u0131l ge\u00e7tikten sonra \u00e7inilerinin yenilenmesi art\u0131k zorunluluk haline geldi. Biz daha \u00f6nce Cumhurba\u015fkan\u0131m\u0131z\u0131n, Bakan\u0131m\u0131z\u0131n, Valili\u011fimizin ve Mevlana\u2019ya g\u00f6n\u00fcl verenlerin katk\u0131lar\u0131yla Mevlana T\u00fcrbesi\u2019nin kalem i\u015fi restorasyonunu tamamlam\u0131\u015ft\u0131k. Bug\u00fcn de yine Kubbe-i Hadra\u2019n\u0131n asl\u0131na uygun \u015fekilde bir kez daha restorasyonu i\u00e7in yola \u00e7\u0131km\u0131\u015f bulunuyoruz.\u201d dedi. Mevlana&#8217;n\u0131n 22&#8217;nci ku\u015fak torunu Esin \u00c7elebi Bayru, yap\u0131lan hizmetin kabul olmas\u0131 temennisinde bulunarak, restorasyon \u00e7al\u0131\u015fmas\u0131nda eme\u011fi ge\u00e7en herkese te\u015fekk\u00fcr etti.<\/p>\n<p>Kubbe-i Hadra\u2019n\u0131n restorasyon projesinin giderlerini kar\u015f\u0131layacak hay\u0131rsever i\u015f adam\u0131 <strong>Ali Akkanat<\/strong>, \u201c2012\u2019de m\u00fczenin \u00e7at\u0131s\u0131n\u0131 ve i\u00e7indeki restorasyonunu yapmak nasip olmu\u015ftu. Kubbe-i Hadra eksik kalm\u0131\u015ft\u0131. \u00c7ok \u015f\u00fck\u00fcr ki bunu tekrar tamamlamay\u0131 Allah nasip edecek.\u201d diye konu\u015ftu. Konya B\u00fcy\u00fck\u015fehir Belediye Ba\u015fkan\u0131 U\u011fur \u0130brahim Altay, Hz. Mevlana\u2019n\u0131n vefat\u0131ndan sonra in\u015fa edilen ilk yap\u0131n\u0131n ard\u0131ndan yakla\u015f\u0131k 120 y\u0131l sonra Karamano\u011flu Alaeddin Bey zaman\u0131nda bug\u00fcnk\u00fc g\u00f6r\u00fcnt\u00fcs\u00fcne kavu\u015fturulan Kubbe-i Hadra\u2019n\u0131n Osmanl\u0131 d\u00f6neminde de tamirat ve eklemelerle g\u00fc\u00e7lendirilerek g\u00fcn\u00fcm\u00fcze kadar ula\u015ft\u0131r\u0131ld\u0131\u011f\u0131n\u0131 s\u00f6yledi.<\/p>\n<p>RESTORASYONDAN SONRA T\u00dcRBEN\u0130N RENG\u0130 TURKUAZA YAKIN B\u0130R RENK OLACAK<\/p>\n<p>B\u00f6yle hay\u0131rl\u0131 bir hizmete \u00f6nc\u00fcl\u00fck eden K\u00fclt\u00fcr ve Turizm Bakanl\u0131\u011f\u0131\u2019na, Valili\u011fe, \u0130l K\u00fclt\u00fcr ve Turizm M\u00fcd\u00fcrl\u00fc\u011f\u00fc\u2019ne ve i\u015f adam\u0131 <strong>Ali Akkanat<\/strong>\u2019a te\u015fekk\u00fcr eden Ba\u015fkan Altay, \u201cHadra, ye\u015fil demektir. Ye\u015fil, inanc\u0131m\u0131z\u0131n rengidir. Bar\u0131\u015f\u0131, huzuru ve dinginli\u011fi temsil eder. Kubbe-i Hadra\u2019daki ye\u015fil, k\u00fclt\u00fcr\u00fcm\u00fcz\u00fc temsil eden turkuazi bir ye\u015fildir. \u0130nanc\u0131m\u0131z ile k\u00fclt\u00fcr\u00fcm\u00fcz\u00fcn harmanlanm\u0131\u015f halidir adeta. Restorasyondan sonra t\u00fcrbenin g\u00f6r\u00fcnen renginde bir de\u011fi\u015fiklik olacak. Turkuaza yak\u0131n bir renk olacak. 60 y\u0131l \u00f6nceki \u00e7iniler esas al\u0131narak, bug\u00fcn burada da temsilcileri bulunan bilim kurulunun tavsiye karar\u0131 ve kurulun onay\u0131yla bu renk turkuazi bir ye\u015file d\u00f6n\u00fc\u015ft\u00fcr\u00fcl\u00fcyor. \u0130n\u015fallah Konyam\u0131za \u00e7ok yak\u0131\u015fan bir eser olacakt\u0131r. Kubbe-\u0130 Hadra, sadece ge\u00e7mi\u015fimizi temsil eden mimari bir yap\u0131 de\u011fildir. Kubbe-i Hadra, temsil etti\u011fimiz inan\u00e7 ve k\u00fclt\u00fcr\u00fcm\u00fcz\u00fcn en belirgin alamet-i farikalar\u0131ndand\u0131r. \u00d6yle ki, g\u00f6r\u00fcld\u00fc\u011f\u00fc her yerde akla \u0130slam\u2019\u0131, Konya\u2019y\u0131, Hazreti Mevlana\u2019y\u0131 getirmektedir. \u015eehrimizin sembol\u00fc, inanc\u0131m\u0131z\u0131n boyas\u0131, k\u00fclt\u00fcr\u00fcm\u00fcz\u00fcn mayas\u0131d\u0131r\u201d ifadelerini kulland\u0131.<\/p>\n<p>TE\u015eEKK\u00dcR ETT\u0130LER<\/p>\n<p>AK Parti Konya \u0130l Ba\u015fkan\u0131 Hasan Ang\u0131, \u201cY\u00fczy\u0131llar boyu d\u00fcnyaya \u0131\u015f\u0131k tutmu\u015f ve gelece\u011fe de ayn\u0131 \u015fekilde insanl\u0131\u011f\u0131n ihtiya\u00e7 duydu\u011fu karde\u015flik ve bar\u0131\u015f iklimini geli\u015fmesine katk\u0131 sa\u011flayacak bu de\u011ferleri ta\u015f\u0131mak ad\u0131na yap\u0131lan fedakarl\u0131klar\u0131 takdir etmemek m\u00fcmk\u00fcn de\u011fil.\u201d diyerek eme\u011fi ge\u00e7en herkese te\u015fekk\u00fcr etti. AK Parti Konya Milletvekili Hac\u0131 Ahmet \u00d6zdemir, Mevlana M\u00fczesi Kubbe-i Hadra restorasyonu ve \u00e7evre d\u00fczenlemesi \u00e7al\u0131\u015fmalar\u0131ndan dolay\u0131 memnun olduklar\u0131n\u0131 belirterek, eme\u011fi ge\u00e7enlere te\u015fekk\u00fcr etti.<\/p>\n<p>Konya Vali Yard\u0131mc\u0131s\u0131 Faruk Bekarlar ise, \u201cHazreti Mevlana\u2019n\u0131n yakla\u015f\u0131k sekiz as\u0131rd\u0131r bulundu\u011fu bu mekan Konya\u2019y\u0131 sadece kendi co\u011frafyam\u0131z\u0131n de\u011fil, b\u00fct\u00fcn d\u00fcnyay\u0131 \u00e7ekim merkezi haline getirmi\u015ftir.\u201d \u015feklinde konu\u015ftu. Konu\u015fmalar\u0131n ard\u0131ndan restorasyon \u00e7al\u0131\u015fmalar\u0131 ba\u015flat\u0131ld\u0131. Restorasyon maliyetinin <strong>Akkanat E\u011fitim ve Sa\u011fl\u0131k Vakf\u0131<\/strong> taraf\u0131ndan kar\u015f\u0131lanaca\u011f\u0131 \u00e7al\u0131\u015fman\u0131n 2021 y\u0131l\u0131 Aral\u0131k ay\u0131nda tamamlanmas\u0131 bekleniyor.<\/p>\n","protected":false},"excerpt":{"rendered":"<p>Mevlana T\u00fcrbesi\u2019ndeki Kubbe-i Hadra, tarihinde 8. kez restore edilip yenileniyor. Restorasyon projesiyle ilgili Mevlana M\u00fczesi&#8217;nde d\u00fczenlenen programda konu\u015fan \u0130l K\u00fclt\u00fcr ve Turizm M\u00fcd\u00fcr\u00fc Abd\u00fcssettar Yarar, \u201c60 y\u0131l ge\u00e7tikten sonra \u00e7inilerinin yenilenmesi art\u0131k zorunluluk haline geldi. Biz daha \u00f6nce Cumhurba\u015fkan\u0131m\u0131z\u0131n, Bakan\u0131m\u0131z\u0131n, Valili\u011fimizin ve Mevlana\u2019ya g\u00f6n\u00fcl verenlerin katk\u0131lar\u0131yla Mevlana T\u00fcrbesi\u2019nin kalem i\u015fi restorasyonunu tamamlam\u0131\u015ft\u0131k. Bug\u00fcn de yine [&hellip;]<\/p>\n","protected":false},"author":1,"featured_media":10286,"comment_status":"closed","ping_status":"closed","sticky":false,"template":"","format":"standard","meta":[],"categories":[17,6],"tags":[],"_links":{"self":[{"href":"https:\/\/durakkoyu.biz\/index.php?rest_route=\/wp\/v2\/posts\/10285"}],"collection":[{"href":"https:\/\/durakkoyu.biz\/index.php?rest_route=\/wp\/v2\/posts"}],"about":[{"href":"https:\/\/durakkoyu.biz\/index.php?rest_route=\/wp\/v2\/types\/post"}],"author":[{"embeddable":true,"href":"https:\/\/durakkoyu.biz\/index.php?rest_route=\/wp\/v2\/users\/1"}],"replies":[{"embeddable":true,"href":"https:\/\/durakkoyu.biz\/index.php?rest_route=%2Fwp%2Fv2%2Fcomments&post=10285"}],"version-history":[{"count":2,"href":"https:\/\/durakkoyu.biz\/index.php?rest_route=\/wp\/v2\/posts\/10285\/revisions"}],"predecessor-version":[{"id":10288,"href":"https:\/\/durakkoyu.biz\/index.php?rest_route=\/wp\/v2\/posts\/10285\/revisions\/10288"}],"wp:featuredmedia":[{"embeddable":true,"href":"https:\/\/durakkoyu.biz\/index.php?rest_route=\/wp\/v2\/media\/10286"}],"wp:attachment":[{"href":"https:\/\/durakkoyu.biz\/index.php?rest_route=%2Fwp%2Fv2%2Fmedia&parent=10285"}],"wp:term":[{"taxonomy":"category","embeddable":true,"href":"https:\/\/durakkoyu.biz\/index.php?rest_route=%2Fwp%2Fv2%2Fcategories&post=10285"},{"taxonomy":"post_tag","embeddable":true,"href":"https:\/\/durakkoyu.biz\/index.php?rest_route=%2Fwp%2Fv2%2Ftags&post=10285"}],"curies":[{"name":"wp","href":"https:\/\/api.w.org\/{rel}","templated":true}]}}