{"id":10282,"date":"2020-06-14T20:54:07","date_gmt":"2020-06-14T19:54:07","guid":{"rendered":"https:\/\/durakkoyu.com\/?p=10282"},"modified":"2020-06-14T21:14:08","modified_gmt":"2020-06-14T20:14:08","slug":"beysehir-belediye-baskani-tarafindan-duzenlenen","status":"publish","type":"post","link":"https:\/\/durakkoyu.biz\/?p=10282","title":{"rendered":"Bey\u015fehir belediye ba\u015fkan\u0131 taraf\u0131ndan d\u00fczenlenen&#8230;."},"content":{"rendered":"<p>Cumhurba\u015fkan\u0131 Ba\u015fdan\u0131\u015fman\u0131 Mustafa Ak\u0131\u015f, Bey\u015fehir\u2019de Yaka Manast\u0131r Mesire Alan\u0131\u2019nda d\u00fczenledi\u011fi toplant\u0131da Bey\u015fehir Belediye Ba\u015fkan\u0131m\u0131z Adil Bay\u0131nd\u0131r, Bey\u015fehir\u2019de faaliyet g\u00f6steren sivil toplum \u00f6rg\u00fct\u00fc temsilcileri ve bas\u0131n mensuplar\u0131yla bir araya geldi.<\/p>\n<p>Mustafa Ak\u0131\u015f, Ba\u015fkan\u0131m\u0131z Adil Bay\u0131nd\u0131r ile Bey\u015fehir ve b\u00f6lgesine, kurdu\u011fu istihdam sahalar\u0131 ile \u00f6zellikle e\u011fitim alan\u0131ndaki yat\u0131r\u0131mlar\u0131yla \u00f6n plana \u00e7\u0131kan hay\u0131rsever i\u015fadamlar\u0131 Ali ve Kamil Akkanat karde\u015flerin de aralar\u0131nda bulundu\u011fu toplant\u0131da sivil toplum kurulu\u015flar\u0131 temsilcileriyle Bey\u015fehir\u2019in meseleleri ile ilgili isti\u015farede bulunurken, ayn\u0131 zamanda aktar\u0131lan talepleri de dinledi.<\/p>\n<p>Tertip edilen toplant\u0131 i\u00e7in Cumhurba\u015fkan\u0131 Ba\u015fdan\u0131\u015fman\u0131 Mustafa Ak\u0131\u015f\u2019a; hakk\u0131yla, y\u00fcre\u011fiyle, inanc\u0131yla Bey\u015fehir sevgisiyle ya\u015fayan ve Bey\u015fehir\u2019in sorunlar\u0131na hi\u00e7bir zaman kay\u0131ts\u0131z kalmad\u0131\u011f\u0131 i\u00e7in te\u015fekk\u00fcr eden Ba\u015fkan\u0131m\u0131z Bay\u0131nd\u0131r, \u201cNe zaman Bey\u015fehir\u2019e hizmet i\u00e7in yan\u0131na gitsek yada ula\u015fsak, Say\u0131n Ba\u015fdan\u0131\u015fman\u0131m\u0131z\u0131n heyecanland\u0131\u011f\u0131n\u0131 biliyor ve deste\u011fini g\u00f6r\u00fcyoruz. Onlar bizim uzanan dallar\u0131m\u0131z, Ankara\u2019da ki elimiz kolumuz, onlarla gurur duyuyoruz.\u201d Dedi.<\/p>\n<p>\u00d6te yandan Ba\u015fkan\u0131m\u0131z Bay\u0131nd\u0131r, kurdu\u011fu istihdam sahalar\u0131 ve \u00f6zellikle e\u011fitim alan\u0131ndaki yat\u0131r\u0131mlar\u0131 ile tan\u0131nan hay\u0131rsever i\u015fadamlar\u0131 Ali ve Kamil Akkanat karde\u015flerin Bey\u015fehir i\u00e7in \u00f6nemini belirterek \u015fu a\u00e7\u0131klamalarda bulundu.<\/p>\n<p>\u201c \u0130vriz \u00d6\u011fretmen Lisesine kamyon kasas\u0131nda gitti\u011fi g\u00fcnleri unutmayan! Her zaman ve her yerde \u015eehrim! diyerek memleketinin insan\u0131na i\u015f veren, a\u015f veren, tevazu ve g\u00f6n\u00fcl adam\u0131 Ali a\u011fabeyim ile G\u00f6lka\u015f\u0131 Mahallesinin (eski ad\u0131yla K\u0131st\u0131fan) kar\u015f\u0131s\u0131ndaki alana ilk gitti\u011fimizde; buras\u0131 kalkan dikenlerinin oldu\u011fu, y\u0131lanlar\u0131n cirit att\u0131\u011f\u0131 ve kayalarla kapl\u0131 bir aland\u0131. Onun; ecdad\u0131ndan, anas\u0131ndan, atas\u0131ndan Allah bin kere raz\u0131 olsun! Benim de\u011ferli a\u011fabeyim, bu topra\u011f\u0131n insan\u0131n\u0131n ekmek kap\u0131s\u0131n\u0131 ben a\u00e7ar\u0131m diyerek, 1500-2000 ki\u015fi i\u015f\u00e7i kapasiteli Beyteksi kurdu. Kamil karde\u015fimde abisinin yolunda ayn\u0131 anlay\u0131\u015f ile bu \u015fehrin camisinde, okulunda, her yerinde var. Bunlar kolay \u015feyler de\u011fil. Y\u00fcce Yaradan, \u2018mal\u0131 istedi\u011fime, ilmi ise isteyene veririm\u2019 diyor. Yaradan\u0131ma \u015f\u00fck\u00fcrler olsun ki b\u00f6yle de\u011ferli ki\u015fileri, \u2018\u015fehrinden hi\u00e7bir \u015fey almadan, ben bu \u015fehre veririm!\u2019 diyenleri bu \u015fehre vermi\u015f.<\/p>\n<p>Ba\u015fkan\u0131m\u0131z Bay\u0131nd\u0131r, \u201cBey\u015fehir\u2019in hedefleri Anamas Da\u011f\u0131 kadar b\u00fcy\u00fck! \u201d<\/p>\n<p>Ba\u015fkan\u0131m\u0131z Bay\u0131nd\u0131r toplant\u0131da yapt\u0131\u011f\u0131 a\u00e7\u0131klamada Bey\u015fehir\u2019in hedeflerinin b\u00fcy\u00fck oldu\u011funun alt\u0131n\u0131 \u00e7izerek, bu \u015fehrin de\u011ferleri ile hep birlikte olacaklar\u0131n\u0131 belirtti.<\/p>\n<p>Ba\u015fkan\u0131m\u0131z, \u201cBey\u015fehir\u2019in hedefi Anamas Da\u011f\u0131 kadar b\u00fcy\u00fck. El olaca\u011f\u0131z, bir olaca\u011f\u0131z, birlik olaca\u011f\u0131z. Bizler emre amadeyiz. Milletvekilimiz Say\u0131n G\u00fclay Samanc\u0131, Cumhurba\u015fkan\u0131 Ba\u015fdan\u0131\u015fman\u0131m\u0131z Say\u0131n Mustafa Ak\u0131\u015f bizim kazan\u0131mlar\u0131m\u0131z, de\u011ferlerimiz, gurur kayna\u011f\u0131m\u0131z. Dolay\u0131s\u0131yla nerede denirse, biz orada oluruz. \u00c7\u00fcnk\u00fc onlar bizim ba\u015f\u0131m\u0131z\u0131n tac\u0131. Ali Akkanat a\u011fabeyim de nerede olun, nereye gelin derse ben orada olurum.<\/p>\n<p>Gembos Yolu a\u00e7\u0131ld\u0131\u011f\u0131 vakit, g\u00f6l\u00fcm\u00fcz\u00fcn k\u0131y\u0131lar\u0131nda haz\u0131rl\u0131ks\u0131z yakalanmamam\u0131z ad\u0131na, bu k\u0131y\u0131lar\u0131 h\u0131zl\u0131 bir \u015fekilde haz\u0131rlayaca\u011f\u0131z. \u015eehrimizden ge\u00e7en o ara\u00e7lar\u0131 ne kadar durdurabiliriz? Bu \u015fehre ne kadar para b\u0131rakt\u0131rabilirizin hesaplar\u0131n\u0131 yapaca\u011f\u0131z. Hep beraber sanayi kenti olaca\u011f\u0131z, tar\u0131m kenti olaca\u011f\u0131z, turizm \u015fehri olaca\u011f\u0131z. Bey\u015fehir G\u00f6l\u00fc\u2019n\u00fcn k\u0131y\u0131s\u0131nda turizmi unutmayaca\u011f\u0131z. Karaburun\u2019dan, K\u00f6pr\u00fcba\u015f\u0131na kadar \u0131\u015f\u0131l \u0131\u015f\u0131l, yemye\u015fil yapaca\u011f\u0131z. Allah bizlere Bey\u015fehir gibi e\u015fsiz bir tablo koymu\u015f, bizlerde hep birlikte bu tablonun sadece \u00e7er\u00e7evesini yapaca\u011f\u0131z. Nazik daveti i\u00e7in Say\u0131n Ba\u015fdan\u0131\u015fman\u0131m\u0131za ve kat\u0131l\u0131mlar\u0131ndan dolay\u0131 de\u011ferli a\u011fabeyim Ali Akkanat ve karde\u015fim Kamil Akkanat ile STK lar\u0131n siz de\u011ferli temsilcilerine te\u015fekk\u00fcr ediyorum.\u201d<\/p>\n<p>Ak\u0131\u015f, \u201cBey\u015fehir\u2019de beraberli\u011fimizi devam ettirece\u011fiz.\u201d<\/p>\n<p>Cumhurba\u015fkan\u0131 Ba\u015fdan\u0131\u015fman\u0131 Mustafa Ak\u0131\u015f ise toplant\u0131ya kat\u0131lan herkese te\u015fekk\u00fcr ederek, bu ziyaretleri birlik ve beraberli\u011fimiz ad\u0131na zaman zaman devam ettirece\u011fiz diyerek \u015fu ifadelerde bulundu.<\/p>\n<p>Ak\u0131\u015f, \u201cZaman zaman bir araya gelip b\u00f6yle kahvalt\u0131l\u0131 toplant\u0131lar yap\u0131yorduk. Koronavir\u00fcs salg\u0131n\u0131 nedeniyle de uzun s\u00fcredir bir araya gelememi\u015ftik. Bu vesile ile hem bir hasret giderelim, S\u0131la-i Rahim yapal\u0131m, hem de sizlerle birlikte olal\u0131m, dertle\u015felim, sohbet edelim istedik. Yine daha \u00f6nce yapt\u0131\u011f\u0131m\u0131z gibi bug\u00fcn bu kahvalt\u0131ya STK temsilcilerimizle, bas\u0131n mensuplar\u0131m\u0131z\u0131 davet ettik. Geldikleri i\u00e7in \u00e7ok te\u015fekk\u00fcr ediyorum. Bu g\u00fczel manzara e\u015fli\u011finde bug\u00fcn bizi burada bulu\u015fturan Rabbime hamd olsun. Belediye Ba\u015fkan\u0131m\u0131z Adil Bay\u0131nd\u0131r; Bey\u015fehir i\u00e7in \u00f6nemli bir marka, \u00f6nemli bir isim. Bey\u015fehir\u2019in son 20\u201325 y\u0131l\u0131nda hizmetleri ile imzas\u0131 olan bir isim. Kendisine kat\u0131l\u0131m g\u00f6sterdi\u011finden \u00f6t\u00fcr\u00fc \u015f\u00fckranlar\u0131m\u0131 arz ediyorum. Bug\u00fcn burada yine \u00f6nemli bir misafirimiz var. Ali Akkanat; \u00e7ok naturel ,\u00e7ok do\u011fal bir insan. Orijinalli\u011fini kaybetmemi\u015f, y\u00f6renin insan\u0131 olma \u00f6zelli\u011fini kaybetmemi\u015f bir insan. Almanya\u2019da, \u0130stanbul\u2019da ge\u00e7en mesaisine ra\u011fmen Bey\u015fehir\u2019den kopmam\u0131\u015f bir insan. Benden \u00e7ok daha fazla tan\u0131yorsunuz. O bizim \u015feref konu\u011fumuz. Onun izinden giden k\u0131ymetli karde\u015fi Kamil abimiz de bu y\u00f6renin adam\u0131, halk\u0131n adam\u0131 oldu. Hi\u00e7bir zaman m\u00fctevazili\u011finden taviz vermedi, bug\u00fcn bu toplant\u0131ya kat\u0131ld\u0131klar\u0131 i\u00e7in te\u015fekk\u00fcr ediyorum.<\/p>\n<p>De\u011ferli dostlar; ben sizin karde\u015finizim. Bu sohbetleri her zaman yap\u0131yoruz, o y\u00fczden laf\u0131 da fazla uzatmak istemiyorum. Koronavir\u00fcs salg\u0131n\u0131 nedeniyle ge\u00e7irdi\u011fimiz s\u00fcre\u00e7te, hastalar\u0131m\u0131za ge\u00e7mi\u015f olsun dileklerimi iletiyorum. \u0130n\u015fallah bu salg\u0131n\u0131 gerekli uyar\u0131lara dikkat ederek; mesafeye uyarak, maskemizi takarak en k\u0131sa zaman da atlataca\u011f\u0131m\u0131z\u0131 d\u00fc\u015f\u00fcn\u00fcyorum. Tekrar burada oldu\u011funuz i\u00e7in mutlulu\u011fumu ifade ediyor. Hepiniz ho\u015f geldiniz \u015feref verdiniz diyerek, \u00e7ok te\u015fekk\u00fcr ediyorum.\u201d<\/p>\n<p>Akkanat \u201cBey\u015fehir\u2019de Kendimi Cennette Gibi Hissediyorum! \u201d<\/p>\n<p>Kurdu\u011fu istihdam sahalar\u0131 ve \u00f6zellikle e\u011fitim alan\u0131ndaki yat\u0131r\u0131mlar\u0131 ile tan\u0131nan hay\u0131rsever i\u015fadam\u0131 Ali Akkanat ise toplant\u0131dan duydu\u011fu memnuniyeti \u015fu \u015fekilde ifade etti.<\/p>\n<p>Akkanat, \u201cAdil Bay\u0131nd\u0131r 1977\u2019den beri benim ba\u015f\u0131m\u0131n belas\u0131, benim i\u00e7in \u00e7ok k\u0131ymetli ve de\u011ferli bir dostum. Daha \u00f6nceki d\u00f6nemlerde \u00e7ok \u00e7al\u0131\u015ft\u0131 \u00e7ok u\u011fra\u015f verdi. Allah ona tekrar Bey\u015fehir\u2019de g\u00f6rev yapmay\u0131 nasip etti. O benim i\u00e7in o kadar de\u011ferli ki; ge\u00e7mi\u015fte de o olmasayd\u0131 ben Bey\u015fehir\u2019e yat\u0131r\u0131m i\u00e7in gelmezdim. Ben hepinizden, hep birlikte Bey\u015fehir i\u00e7in \u00e7al\u0131\u015fman\u0131z\u0131 istiyorum. Hepinizle gurur duyuyorum. Amac\u0131m Bey\u015fehir\u2019den yeni sanayicilerin \u00e7\u0131kmas\u0131yd\u0131, bu noktada \u015fuan \u00e7ok iyi gidiyoruz. Bey\u015fehir\u2019i \u00e7ok seviyorum, Allah\u2019\u0131n yaratt\u0131\u011f\u0131 bu do\u011fada kendimi cennette gibi hissediyorum.<\/p>\n<p>Ayr\u0131ca, ben Bey\u015fehir\u2019de fabrikalardan \u00e7ok okullara \u00f6nem veriyorum. Okullara \u00f6nem vermemin sebeplerinden bir tanesi \u015fu an yan\u0131mda olan Mustafa Ak\u0131\u015f. Mustafa\u2019n\u0131n d\u00f6neminde ; onlar\u0131n ve \u00f6\u011fretmenlerin sayesinde o okul Konya\u2019da \u00fc\u00e7\u00fcnc\u00fc se\u00e7ildi. 40 ki\u015fiden 36 tanesi \u00fcniversiteyi kazand\u0131. Bu 36 ki\u015finin aralar\u0131nda devletin \u00fcst kademesinde \u00e7al\u0131\u015fanlar\u0131m\u0131z var. Bu y\u00fczden benim i\u00e7in okullar\u0131n \u00f6nemi b\u00fcy\u00fck. \u0130n\u015fallah \u00f6n\u00fcm\u00fczdeki d\u00f6nemde de okullar ile \u00f6\u011frenci say\u0131lar\u0131n\u0131 art\u0131rarak devletimize milletimize yeni nesiller yeti\u015ftirece\u011fiz. Bu toplant\u0131 i\u00e7in hepinize te\u015fekk\u00fcr ediyorum. \u201c<\/p>\n<p>Kahvalt\u0131 program\u0131ndan sonra Cumhurba\u015fkan\u0131 Ba\u015fdan\u0131\u015fman\u0131 Mustafa Ak\u0131\u015f, \u0130l\u00e7e Kaymakam\u0131 Yusuf \u00d6zdemir, Ba\u015fkan\u0131m\u0131z Adil Bay\u0131nd\u0131r ve beraberindeki sivil toplum kurulu\u015flar\u0131n\u0131n temsilcileriyle, koronavir\u00fcs Salg\u0131n\u0131 sebebiyle ge\u00e7ti\u011fimiz Nisan ay\u0131nda bir s\u00fcre karantinaya al\u0131nan Esence Mahallesi\u2019ni ziyaret ederek, Mahalle Muhtar\u0131 Muharrem Boru ve vatanda\u015flara \u201cge\u00e7mi\u015f olsun\u201d dile\u011finde bulundu. Hemen arkas\u0131ndan ziyaretler kapsam\u0131nda, balkonda mahsur kald\u0131ktan sonra itfaiye ekipleri taraf\u0131ndan kurtar\u0131lan 80 ya\u015f\u0131ndaki Ay\u015fe K\u0131vrak ve 65 ya\u015f \u00fcst\u00fc olmas\u0131 sebebi ile Cuma Namaz\u0131nda stada al\u0131nmayan ve Ulusal medyaya d\u00fc\u015fen haberle T\u00fcrkiye\u2019nin tan\u0131d\u0131\u011f\u0131 bir isim haline gelen 88 ya\u015f\u0131ndaki Osman Duymaz\u2019\u0131 evinde ziyaret ederek \u00e7e\u015fitli hediyelerde bulundu.<\/p>\n<p>Mustafa Ak\u0131\u015f\u2019\u0131n il\u00e7ede son ziyaret adresi ise Bey\u015fehir Belediye Ba\u015fkanl\u0131\u011f\u0131 oldu.<\/p>\n","protected":false},"excerpt":{"rendered":"<p>Cumhurba\u015fkan\u0131 Ba\u015fdan\u0131\u015fman\u0131 Mustafa Ak\u0131\u015f, Bey\u015fehir\u2019de Yaka Manast\u0131r Mesire Alan\u0131\u2019nda d\u00fczenledi\u011fi toplant\u0131da Bey\u015fehir Belediye Ba\u015fkan\u0131m\u0131z Adil Bay\u0131nd\u0131r, Bey\u015fehir\u2019de faaliyet g\u00f6steren sivil toplum \u00f6rg\u00fct\u00fc temsilcileri ve bas\u0131n mensuplar\u0131yla bir araya geldi. Mustafa Ak\u0131\u015f, Ba\u015fkan\u0131m\u0131z Adil Bay\u0131nd\u0131r ile Bey\u015fehir ve b\u00f6lgesine, kurdu\u011fu istihdam sahalar\u0131 ile \u00f6zellikle e\u011fitim alan\u0131ndaki yat\u0131r\u0131mlar\u0131yla \u00f6n plana \u00e7\u0131kan hay\u0131rsever i\u015fadamlar\u0131 Ali ve Kamil Akkanat [&hellip;]<\/p>\n","protected":false},"author":1,"featured_media":10284,"comment_status":"closed","ping_status":"closed","sticky":false,"template":"","format":"standard","meta":[],"categories":[17,71,6],"tags":[],"_links":{"self":[{"href":"https:\/\/durakkoyu.biz\/index.php?rest_route=\/wp\/v2\/posts\/10282"}],"collection":[{"href":"https:\/\/durakkoyu.biz\/index.php?rest_route=\/wp\/v2\/posts"}],"about":[{"href":"https:\/\/durakkoyu.biz\/index.php?rest_route=\/wp\/v2\/types\/post"}],"author":[{"embeddable":true,"href":"https:\/\/durakkoyu.biz\/index.php?rest_route=\/wp\/v2\/users\/1"}],"replies":[{"embeddable":true,"href":"https:\/\/durakkoyu.biz\/index.php?rest_route=%2Fwp%2Fv2%2Fcomments&post=10282"}],"version-history":[{"count":1,"href":"https:\/\/durakkoyu.biz\/index.php?rest_route=\/wp\/v2\/posts\/10282\/revisions"}],"predecessor-version":[{"id":10283,"href":"https:\/\/durakkoyu.biz\/index.php?rest_route=\/wp\/v2\/posts\/10282\/revisions\/10283"}],"wp:featuredmedia":[{"embeddable":true,"href":"https:\/\/durakkoyu.biz\/index.php?rest_route=\/wp\/v2\/media\/10284"}],"wp:attachment":[{"href":"https:\/\/durakkoyu.biz\/index.php?rest_route=%2Fwp%2Fv2%2Fmedia&parent=10282"}],"wp:term":[{"taxonomy":"category","embeddable":true,"href":"https:\/\/durakkoyu.biz\/index.php?rest_route=%2Fwp%2Fv2%2Fcategories&post=10282"},{"taxonomy":"post_tag","embeddable":true,"href":"https:\/\/durakkoyu.biz\/index.php?rest_route=%2Fwp%2Fv2%2Ftags&post=10282"}],"curies":[{"name":"wp","href":"https:\/\/api.w.org\/{rel}","templated":true}]}}