{"id":10185,"date":"2020-05-24T08:42:41","date_gmt":"2020-05-24T07:42:41","guid":{"rendered":"https:\/\/durakkoyu.com\/?p=10185"},"modified":"2020-05-24T01:14:03","modified_gmt":"2020-05-24T00:14:03","slug":"ramazan-bayramimiz-mubarek-olsun-2","status":"publish","type":"post","link":"https:\/\/durakkoyu.biz\/?p=10185","title":{"rendered":"Ramazan Bayram\u0131m\u0131z M\u00fcbarek Olsun"},"content":{"rendered":"<p>Bizleri manevi iklimin bereketinde birle\u015ftiren m\u00fcbarek <strong>Ramazan ay\u0131n\u0131<\/strong> geride b\u0131rakt\u0131k. Koronavir\u00fcs salg\u0131n\u0131 sebebiyle buruk ya\u015fad\u0131\u011f\u0131m\u0131z m\u00fcbarek g\u00fcnlerde hep birlikte bulu\u015famasak da; merhamet ve sab\u0131r duygular\u0131yla, payla\u015farak, rahmeti ve bereketi ya\u015fad\u0131k.<\/p>\n<p>Ya\u015fanan s\u0131k\u0131nt\u0131lar sonucu zor durumda kalan karde\u015flerimizin ellerinden tutmak i\u00e7in \u015fehrimizde ve \u00fclkemizde tam bir hay\u0131r yar\u0131\u015f\u0131na d\u00f6nen Ramazan ay\u0131nda d\u00fcnyan\u0131n her yerinde a\u00e7l\u0131k ve yokluk \u00e7eken karde\u015flerimiz i\u00e7in de herkes elinden gelen deste\u011fi verdi. \u015eimdi g\u00f6n\u00fcl birli\u011fi i\u00e7inde bayram\u0131 idrak ediyoruz.<\/p>\n<blockquote><p><strong>T\u00fcm k\u00f6yl\u00fclerimizin Ramazan Bayram\u0131\u2019n\u0131 en i\u00e7ten duygular\u0131m\u0131zla tebrik ediyoruz.<\/strong><\/p><\/blockquote>\n<p>Ramazan ay\u0131nda millet\u00e7e ayn\u0131 duygular, ayn\u0131 d\u00fc\u015f\u00fcnceler, ayn\u0131 hassasiyetler i\u00e7inde muhte\u015fem bir ar\u0131nma ve y\u00fccelme f\u0131rsat\u0131n\u0131 en g\u00fczel \u015fekilde de\u011ferlendirerek bayrama eri\u015ftik. Ramazan ay\u0131nda edindi\u011fimiz g\u00fczel duygular\u0131 t\u00fcm y\u0131l boyunca ya\u015famak, hayat\u0131m\u0131za bayram co\u015fkusunu getirecek, s\u0131k\u0131nt\u0131lar\u0131 a\u015fmam\u0131za yard\u0131mc\u0131 olacakt\u0131r.<\/p>\n<p>K\u0131ymetli K\u00f6yl\u00fclerimiz,<\/p>\n<p>Sizlerden istirham\u0131m\u0131z, devletimizin ald\u0131\u011f\u0131 tedbirlerle yeni normalle\u015fme s\u00fcrecini ya\u015fad\u0131\u011f\u0131m\u0131z bu g\u00fcnlerde salg\u0131nda yeni bir dalgalanmaya f\u0131rsat vermemek i\u00e7in al\u0131nan kararlara harfiyen uyal\u0131m. Sosyal mesafeye, maske takmaya ve hijyen kurallar\u0131na riayet edelim ki; gelecek g\u00fczel g\u00fcnleri ve bayramlar\u0131 hep birlikte co\u015fku i\u00e7inde, birbirimize sar\u0131larak kutlayabilelim.<\/p>\n<p>Durak K\u00f6y\u00fc Resmi \u0130nternet Sitesi olarak bu duygularla t\u00fcm hem\u015fehrilerimizin ve \u0130slam d\u00fcnyas\u0131n\u0131n <strong>Ramazan Bayram\u0131<\/strong>&#8216;n\u0131 tebrik eder; bayram\u0131n k\u00f6y\u00fcm\u00fcze, \u015fehrimize, \u00fclkemize ve t\u00fcm insanl\u0131\u011fa sa\u011fl\u0131k, huzur ve mutluluk getirmesini diliyoruz.<\/p>\n","protected":false},"excerpt":{"rendered":"<p>Bizleri manevi iklimin bereketinde birle\u015ftiren m\u00fcbarek Ramazan ay\u0131n\u0131 geride b\u0131rakt\u0131k. Koronavir\u00fcs salg\u0131n\u0131 sebebiyle buruk ya\u015fad\u0131\u011f\u0131m\u0131z m\u00fcbarek g\u00fcnlerde hep birlikte bulu\u015famasak da; merhamet ve sab\u0131r duygular\u0131yla, payla\u015farak, rahmeti ve bereketi ya\u015fad\u0131k. Ya\u015fanan s\u0131k\u0131nt\u0131lar sonucu zor durumda kalan karde\u015flerimizin ellerinden tutmak i\u00e7in \u015fehrimizde ve \u00fclkemizde tam bir hay\u0131r yar\u0131\u015f\u0131na d\u00f6nen Ramazan ay\u0131nda d\u00fcnyan\u0131n her yerinde a\u00e7l\u0131k ve [&hellip;]<\/p>\n","protected":false},"author":1,"featured_media":10183,"comment_status":"closed","ping_status":"closed","sticky":false,"template":"","format":"standard","meta":[],"categories":[27,6],"tags":[],"_links":{"self":[{"href":"https:\/\/durakkoyu.biz\/index.php?rest_route=\/wp\/v2\/posts\/10185"}],"collection":[{"href":"https:\/\/durakkoyu.biz\/index.php?rest_route=\/wp\/v2\/posts"}],"about":[{"href":"https:\/\/durakkoyu.biz\/index.php?rest_route=\/wp\/v2\/types\/post"}],"author":[{"embeddable":true,"href":"https:\/\/durakkoyu.biz\/index.php?rest_route=\/wp\/v2\/users\/1"}],"replies":[{"embeddable":true,"href":"https:\/\/durakkoyu.biz\/index.php?rest_route=%2Fwp%2Fv2%2Fcomments&post=10185"}],"version-history":[{"count":2,"href":"https:\/\/durakkoyu.biz\/index.php?rest_route=\/wp\/v2\/posts\/10185\/revisions"}],"predecessor-version":[{"id":10188,"href":"https:\/\/durakkoyu.biz\/index.php?rest_route=\/wp\/v2\/posts\/10185\/revisions\/10188"}],"wp:featuredmedia":[{"embeddable":true,"href":"https:\/\/durakkoyu.biz\/index.php?rest_route=\/wp\/v2\/media\/10183"}],"wp:attachment":[{"href":"https:\/\/durakkoyu.biz\/index.php?rest_route=%2Fwp%2Fv2%2Fmedia&parent=10185"}],"wp:term":[{"taxonomy":"category","embeddable":true,"href":"https:\/\/durakkoyu.biz\/index.php?rest_route=%2Fwp%2Fv2%2Fcategories&post=10185"},{"taxonomy":"post_tag","embeddable":true,"href":"https:\/\/durakkoyu.biz\/index.php?rest_route=%2Fwp%2Fv2%2Ftags&post=10185"}],"curies":[{"name":"wp","href":"https:\/\/api.w.org\/{rel}","templated":true}]}}